{"id":224768,"date":"2020-12-18T15:26:00","date_gmt":"2020-12-18T13:26:00","guid":{"rendered":"http:\/\/107.6.182.27\/tr\/?p=224768"},"modified":"2020-12-19T09:27:53","modified_gmt":"2020-12-19T07:27:53","slug":"erdogan-teroristleri-ve-dsg-milisleri-arasinda-yer-alan-catismalar-sonucunda-iki-sivil-sehit-ve-onlarca-tehcir-edilen-aileler","status":"publish","type":"post","link":"https:\/\/archive.sana.sy\/tr\/?p=224768","title":{"rendered":"Erdo\u011fan Ter\u00f6ristleri ve DSG Milisleri Aras\u0131nda Yer Alan \u00c7at\u0131\u015fmalar Sonucunda \u0130ki Sivil \u015eehit D\u00fc\u015ft\u00fc ve Onlarca Aileler \u0130se Tehcir Edildi"},"content":{"rendered":"<p>RAKKA \u2013 Rakka k\u0131rsal\u0131n\u0131n kuzeyinde yer lan Ayn \u0130sa b\u00f6lgesinde T\u00fcrk i\u015fgalinin \u00e7eteleri ve DSG milisleri aras\u0131nda \u00e7\u0131kan \u00e7at\u0131\u015fmalarda iki sivil vatanda\u015f \u015fehit d\u00fc\u015ft\u00fc.<\/p>\n<p>B\u00f6lge kaynaklar\u0131 SANA muhabirine yapt\u0131klar\u0131 a\u00e7\u0131klamada; Ayn \u0130sa B\u00f6lgesindeki M\u015feyrfe ve Cebhel k\u00f6ylerinde T\u00fcrk i\u015fgalinin hava kuvvetlerinden destekli ter\u00f6r gruplar\u0131 ile DSG milisleri aras\u0131nda \u015fiddetli \u00e7at\u0131\u015fmalar\u0131n yer ald\u0131\u011f\u0131n\u0131 belirtirken, \u00e7at\u0131\u015fmalar sonucunda iki taraftan kay\u0131plar\u0131n d\u00fc\u015ft\u00fc\u011f\u00fcn\u00fcn yan\u0131 s\u0131ra iki sivil vatanda\u015f\u0131n \u015fehit d\u00fc\u015ft\u00fc\u011f\u00fcn\u00fc s\u00f6zlerine ekledi.<\/p>\n<p>Kaynaklar; \u00e7at\u0131\u015fmalar\u0131n bahsedilen k\u00f6ylerde b\u00fcy\u00fck maddi hasarlara yol a\u00e7t\u0131\u011f\u0131n\u0131 ve onlarca sivillerin k\u00f6y ve evlerini terk edip tehcir olmaya mecb\u00fcr kald\u0131klar\u0131na i\u015faret etti.<\/p>\n<p>\u00c7eviri: P.M.<\/p>\n","protected":false},"excerpt":{"rendered":"<p>RAKKA \u2013 Rakka k\u0131rsal\u0131n\u0131n kuzeyinde yer lan Ayn \u0130sa b\u00f6lgesinde T\u00fcrk i\u015fgalinin \u00e7eteleri ve DSG milisleri aras\u0131nda \u00e7\u0131kan \u00e7at\u0131\u015fmalarda iki sivil vatanda\u015f \u015fehit d\u00fc\u015ft\u00fc. B\u00f6lge kaynaklar\u0131 SANA muhabirine yapt\u0131klar\u0131 a\u00e7\u0131klamada; Ayn \u0130sa B\u00f6lgesindeki M\u015feyrfe ve Cebhel k\u00f6ylerinde T\u00fcrk i\u015fgalinin hava kuvvetlerinden destekli ter\u00f6r gruplar\u0131 ile DSG milisleri aras\u0131nda \u015fiddetli \u00e7at\u0131\u015fmalar\u0131n yer ald\u0131\u011f\u0131n\u0131 belirtirken, \u00e7at\u0131\u015fmalar sonucunda &hellip;<\/p>\n","protected":false},"author":1,"featured_media":224769,"comment_status":"closed","ping_status":"closed","sticky":false,"template":"","format":"standard","meta":{"footnotes":""},"categories":[479,575,17988,478],"tags":[],"class_list":["post-224768","post","type-post","status-publish","format-standard","has-post-thumbnail","","category-haberler-yerel","category-olaylar-ve-gercekler","category-son-haberler","category-yerel"],"_links":{"self":[{"href":"https:\/\/archive.sana.sy\/tr\/index.php?rest_route=\/wp\/v2\/posts\/224768","targetHints":{"allow":["GET"]}}],"collection":[{"href":"https:\/\/archive.sana.sy\/tr\/index.php?rest_route=\/wp\/v2\/posts"}],"about":[{"href":"https:\/\/archive.sana.sy\/tr\/index.php?rest_route=\/wp\/v2\/types\/post"}],"author":[{"embeddable":true,"href":"https:\/\/archive.sana.sy\/tr\/index.php?rest_route=\/wp\/v2\/users\/1"}],"replies":[{"embeddable":true,"href":"https:\/\/archive.sana.sy\/tr\/index.php?rest_route=%2Fwp%2Fv2%2Fcomments&post=224768"}],"version-history":[{"count":0,"href":"https:\/\/archive.sana.sy\/tr\/index.php?rest_route=\/wp\/v2\/posts\/224768\/revisions"}],"wp:featuredmedia":[{"embeddable":true,"href":"https:\/\/archive.sana.sy\/tr\/index.php?rest_route=\/wp\/v2\/media\/224769"}],"wp:attachment":[{"href":"https:\/\/archive.sana.sy\/tr\/index.php?rest_route=%2Fwp%2Fv2%2Fmedia&parent=224768"}],"wp:term":[{"taxonomy":"category","embeddable":true,"href":"https:\/\/archive.sana.sy\/tr\/index.php?rest_route=%2Fwp%2Fv2%2Fcategories&post=224768"},{"taxonomy":"post_tag","embeddable":true,"href":"https:\/\/archive.sana.sy\/tr\/index.php?rest_route=%2Fwp%2Fv2%2Ftags&post=224768"}],"curies":[{"name":"wp","href":"https:\/\/api.w.org\/{rel}","templated":true}]}}