{"id":224830,"date":"2020-12-19T22:49:54","date_gmt":"2020-12-19T20:49:54","guid":{"rendered":"http:\/\/107.6.182.27\/tr\/?p=224830"},"modified":"2020-12-21T12:53:56","modified_gmt":"2020-12-21T10:53:56","slug":"isgalci-turkiye-ve-kiraliklari-rakkanin-sayda-ve-muallak-koylerini-top-atesiyle-hedef-aldi","status":"publish","type":"post","link":"https:\/\/archive.sana.sy\/tr\/?p=224830","title":{"rendered":"\u0130\u015fgalci T\u00fcrkiye ve Kiral\u0131klar\u0131, Rakka&#8217;n\u0131n Sayda ve Muallak K\u00f6ylerini Top Ate\u015fiyle Hedef Ald\u0131"},"content":{"rendered":"<p>RAKKA \u2013 \u0130\u015fgalci T\u00fcrk g\u00fc\u00e7leri ve ter\u00f6r \u00f6rg\u00fctlerinden kiral\u0131klar\u0131, Rakka&#8217;n\u0131n kuzey k\u0131rsal\u0131ndaki Ayn \u0130sa&#8217;daki g\u00fcvenli b\u00f6lgelere top\u00e7u ve f\u00fcze sald\u0131r\u0131lar\u0131n\u0131 t\u0131rmand\u0131rd\u0131.<\/p>\n<p>Sivil kaynaklar SANA&#8217;ya a\u00e7\u0131klamalar\u0131nda, i\u015fgalci T\u00fcrkiye g\u00fc\u00e7leri ve ter\u00f6rist kiral\u0131klar\u0131n\u0131n ge\u00e7ti\u011fimiz saatlerde Rakka&#8217;n\u0131n kuzey k\u0131rsal\u0131ndaki Ayn \u0130sa kenti kuzeydo\u011fusundaki Sayda ve Muallak k\u00f6ylerindeki vatanda\u015flar\u0131n evlerini top mermileriyle hedef ald\u0131\u011f\u0131n\u0131 ve bunun baz\u0131 evlerde ve altyap\u0131da maddi hasara yol a\u00e7t\u0131\u011f\u0131n\u0131 s\u00f6yledi.<\/p>\n<p>Kaynaklar, ge\u00e7ti\u011fimiz d\u00f6nemde de T\u00fcrk i\u015fgal g\u00fc\u00e7leri ve kiral\u0131klar\u0131n\u0131n Ay\u0131 \u0130sa b\u00f6lgesine y\u00f6nelik sald\u0131r\u0131lar\u0131n\u0131 t\u0131rmand\u0131rmas\u0131yla, \u00e7o\u011fu \u00e7ocuk ve kad\u0131n olmak \u00fczere y\u00fczlerce ailenin evlerinden kom\u015fu g\u00fcvenli b\u00f6lgelere ta\u015f\u0131nmas\u0131na neden oldu\u011funa dikkat \u00e7ekti.<\/p>\n","protected":false},"excerpt":{"rendered":"<p>RAKKA \u2013 \u0130\u015fgalci T\u00fcrk g\u00fc\u00e7leri ve ter\u00f6r \u00f6rg\u00fctlerinden kiral\u0131klar\u0131, Rakka&#8217;n\u0131n kuzey k\u0131rsal\u0131ndaki Ayn \u0130sa&#8217;daki g\u00fcvenli b\u00f6lgelere top\u00e7u ve f\u00fcze sald\u0131r\u0131lar\u0131n\u0131 t\u0131rmand\u0131rd\u0131. Sivil kaynaklar SANA&#8217;ya a\u00e7\u0131klamalar\u0131nda, i\u015fgalci T\u00fcrkiye g\u00fc\u00e7leri ve ter\u00f6rist kiral\u0131klar\u0131n\u0131n ge\u00e7ti\u011fimiz saatlerde Rakka&#8217;n\u0131n kuzey k\u0131rsal\u0131ndaki Ayn \u0130sa kenti kuzeydo\u011fusundaki Sayda ve Muallak k\u00f6ylerindeki vatanda\u015flar\u0131n evlerini top mermileriyle hedef ald\u0131\u011f\u0131n\u0131 ve bunun baz\u0131 evlerde ve &hellip;<\/p>\n","protected":false},"author":1,"featured_media":224832,"comment_status":"closed","ping_status":"closed","sticky":false,"template":"","format":"standard","meta":{"footnotes":""},"categories":[479,575,17988,2554,2555,478],"tags":[],"class_list":["post-224830","post","type-post","status-publish","format-standard","has-post-thumbnail","","category-haberler-yerel","category-olaylar-ve-gercekler","category-son-haberler","category-suriye-ve-dunya","category-suriye-ve-turkiye","category-yerel"],"_links":{"self":[{"href":"https:\/\/archive.sana.sy\/tr\/index.php?rest_route=\/wp\/v2\/posts\/224830","targetHints":{"allow":["GET"]}}],"collection":[{"href":"https:\/\/archive.sana.sy\/tr\/index.php?rest_route=\/wp\/v2\/posts"}],"about":[{"href":"https:\/\/archive.sana.sy\/tr\/index.php?rest_route=\/wp\/v2\/types\/post"}],"author":[{"embeddable":true,"href":"https:\/\/archive.sana.sy\/tr\/index.php?rest_route=\/wp\/v2\/users\/1"}],"replies":[{"embeddable":true,"href":"https:\/\/archive.sana.sy\/tr\/index.php?rest_route=%2Fwp%2Fv2%2Fcomments&post=224830"}],"version-history":[{"count":0,"href":"https:\/\/archive.sana.sy\/tr\/index.php?rest_route=\/wp\/v2\/posts\/224830\/revisions"}],"wp:featuredmedia":[{"embeddable":true,"href":"https:\/\/archive.sana.sy\/tr\/index.php?rest_route=\/wp\/v2\/media\/224832"}],"wp:attachment":[{"href":"https:\/\/archive.sana.sy\/tr\/index.php?rest_route=%2Fwp%2Fv2%2Fmedia&parent=224830"}],"wp:term":[{"taxonomy":"category","embeddable":true,"href":"https:\/\/archive.sana.sy\/tr\/index.php?rest_route=%2Fwp%2Fv2%2Fcategories&post=224830"},{"taxonomy":"post_tag","embeddable":true,"href":"https:\/\/archive.sana.sy\/tr\/index.php?rest_route=%2Fwp%2Fv2%2Ftags&post=224830"}],"curies":[{"name":"wp","href":"https:\/\/api.w.org\/{rel}","templated":true}]}}