{"id":224884,"date":"2020-12-20T23:45:15","date_gmt":"2020-12-20T21:45:15","guid":{"rendered":"http:\/\/107.6.182.27\/tr\/?p=224884"},"modified":"2020-12-21T12:45:44","modified_gmt":"2020-12-21T10:45:44","slug":"saglik-bakanligi-yeni-145-koronavirus-49-sifa-9-vefat-vakasi-kaydedildi","status":"publish","type":"post","link":"https:\/\/archive.sana.sy\/tr\/?p=224884","title":{"rendered":"Sa\u011fl\u0131k Bakanl\u0131\u011f\u0131: Yeni 145 Koronavir\u00fcs, 49 \u015eifa, 9 Vefat Vakas\u0131 Kaydedildi"},"content":{"rendered":"<p>\u015eAM \u2013 Sa\u011fl\u0131k Bakanl\u0131\u011f\u0131 bug\u00fcn, 145 Koronavir\u00fcs vakas\u0131n\u0131n tescil edildi\u011fini, Suriye\u2019de tescil edilen toplam koronavir\u00fcs vakalar\u0131ndan 49 vakan\u0131n \u015fifa buldu\u011funu, 9 vakan\u0131n da vefat etti\u011fini ilan etti.<\/p>\n<p>Bakanl\u0131k yay\u0131nlad\u0131\u011f\u0131 ve SANA\u2019n\u0131n bir n\u00fcshas\u0131n\u0131 ald\u0131\u011f\u0131 beyanda, Suriye\u2019de tescil edilen Koronavir\u00fcs vakalar\u0131 bilan\u00e7osunun bug\u00fcne kadar 10195\u2019e y\u00fckseldi\u011fini, tescil edilen korona vakalar\u0131ndan 4786\u2019sinin \u015fifa buldu\u011funu, 610 vakan\u0131n da vefat etti\u011fine i\u015faret etti.<\/p>\n<p>Suriye\u2019de ilk koronavir\u00fcs vakas\u0131 22 Mart\u2019ta yurt d\u0131\u015f\u0131ndan gelen bir ki\u015fi \u00fczerinde kaydedilmi\u015f, ilk vefat vakas\u0131 da 29 Mart\u2019ta tescil edilmi\u015fti.<\/p>\n","protected":false},"excerpt":{"rendered":"<p>\u015eAM \u2013 Sa\u011fl\u0131k Bakanl\u0131\u011f\u0131 bug\u00fcn, 145 Koronavir\u00fcs vakas\u0131n\u0131n tescil edildi\u011fini, Suriye\u2019de tescil edilen toplam koronavir\u00fcs vakalar\u0131ndan 49 vakan\u0131n \u015fifa buldu\u011funu, 9 vakan\u0131n da vefat etti\u011fini ilan etti. Bakanl\u0131k yay\u0131nlad\u0131\u011f\u0131 ve SANA\u2019n\u0131n bir n\u00fcshas\u0131n\u0131 ald\u0131\u011f\u0131 beyanda, Suriye\u2019de tescil edilen Koronavir\u00fcs vakalar\u0131 bilan\u00e7osunun bug\u00fcne kadar 10195\u2019e y\u00fckseldi\u011fini, tescil edilen korona vakalar\u0131ndan 4786\u2019sinin \u015fifa buldu\u011funu, 610 vakan\u0131n da &hellip;<\/p>\n","protected":false},"author":1,"featured_media":224885,"comment_status":"closed","ping_status":"closed","sticky":false,"template":"","format":"standard","meta":{"footnotes":""},"categories":[526,479,17988,525,478],"tags":[],"class_list":["post-224884","post","type-post","status-publish","format-standard","has-post-thumbnail","","category-haber-ve-raporlar","category-haberler-yerel","category-son-haberler","category-toplum","category-yerel"],"_links":{"self":[{"href":"https:\/\/archive.sana.sy\/tr\/index.php?rest_route=\/wp\/v2\/posts\/224884","targetHints":{"allow":["GET"]}}],"collection":[{"href":"https:\/\/archive.sana.sy\/tr\/index.php?rest_route=\/wp\/v2\/posts"}],"about":[{"href":"https:\/\/archive.sana.sy\/tr\/index.php?rest_route=\/wp\/v2\/types\/post"}],"author":[{"embeddable":true,"href":"https:\/\/archive.sana.sy\/tr\/index.php?rest_route=\/wp\/v2\/users\/1"}],"replies":[{"embeddable":true,"href":"https:\/\/archive.sana.sy\/tr\/index.php?rest_route=%2Fwp%2Fv2%2Fcomments&post=224884"}],"version-history":[{"count":0,"href":"https:\/\/archive.sana.sy\/tr\/index.php?rest_route=\/wp\/v2\/posts\/224884\/revisions"}],"wp:featuredmedia":[{"embeddable":true,"href":"https:\/\/archive.sana.sy\/tr\/index.php?rest_route=\/wp\/v2\/media\/224885"}],"wp:attachment":[{"href":"https:\/\/archive.sana.sy\/tr\/index.php?rest_route=%2Fwp%2Fv2%2Fmedia&parent=224884"}],"wp:term":[{"taxonomy":"category","embeddable":true,"href":"https:\/\/archive.sana.sy\/tr\/index.php?rest_route=%2Fwp%2Fv2%2Fcategories&post=224884"},{"taxonomy":"post_tag","embeddable":true,"href":"https:\/\/archive.sana.sy\/tr\/index.php?rest_route=%2Fwp%2Fv2%2Ftags&post=224884"}],"curies":[{"name":"wp","href":"https:\/\/api.w.org\/{rel}","templated":true}]}}