{"id":225000,"date":"2020-12-22T20:01:17","date_gmt":"2020-12-22T18:01:17","guid":{"rendered":"http:\/\/107.6.182.27\/tr\/?p=225000"},"modified":"2020-12-23T17:22:00","modified_gmt":"2020-12-23T15:22:00","slug":"samdaki-seyidet-el-neyyah-katedralinde-noel-sarkilari-aksami-duzenlendi","status":"publish","type":"post","link":"https:\/\/archive.sana.sy\/tr\/?p=225000","title":{"rendered":"\u015eam&#8217;daki Seyidet el Neyyah Katedrali&#8217;nde Noel \u015fark\u0131lar\u0131 ak\u015fam\u0131 d\u00fczenlendi"},"content":{"rendered":"<p>\u015eam&#8217;daki Seyidet el Neyyah Katedrali&#8217;nde Noel \u015fark\u0131lar\u0131 ak\u015fam\u0131 d\u00fczenlendi<\/p>\n<div id='gallery-1' class='gallery galleryid-225000 gallery-columns-1 gallery-size-full'><figure class='gallery-item'>\n\t\t\t<div class='gallery-icon landscape'>\n\t\t\t\t<a href='https:\/\/archive.sana.sy\/tr\/wp-content\/uploads\/2020\/12\/27-31-1.jpg'><img loading=\"lazy\" decoding=\"async\" width=\"660\" height=\"396\" src=\"https:\/\/archive.sana.sy\/tr\/wp-content\/uploads\/2020\/12\/27-31-1.jpg\" class=\"attachment-full size-full\" alt=\"\" srcset=\"https:\/\/archive.sana.sy\/tr\/wp-content\/uploads\/2020\/12\/27-31-1.jpg 660w, https:\/\/archive.sana.sy\/tr\/wp-content\/uploads\/2020\/12\/27-31-1-300x180.jpg 300w, https:\/\/archive.sana.sy\/tr\/wp-content\/uploads\/2020\/12\/27-31-1-150x90.jpg 150w\" sizes=\"auto, (max-width: 660px) 100vw, 660px\" \/><\/a>\n\t\t\t<\/div><\/figure><figure class='gallery-item'>\n\t\t\t<div class='gallery-icon landscape'>\n\t\t\t\t<a href='https:\/\/archive.sana.sy\/tr\/wp-content\/uploads\/2020\/12\/28-31-1.jpg'><img loading=\"lazy\" decoding=\"async\" width=\"660\" height=\"371\" src=\"https:\/\/archive.sana.sy\/tr\/wp-content\/uploads\/2020\/12\/28-31-1.jpg\" class=\"attachment-full size-full\" alt=\"\" srcset=\"https:\/\/archive.sana.sy\/tr\/wp-content\/uploads\/2020\/12\/28-31-1.jpg 660w, https:\/\/archive.sana.sy\/tr\/wp-content\/uploads\/2020\/12\/28-31-1-300x169.jpg 300w, https:\/\/archive.sana.sy\/tr\/wp-content\/uploads\/2020\/12\/28-31-1-150x84.jpg 150w\" sizes=\"auto, (max-width: 660px) 100vw, 660px\" \/><\/a>\n\t\t\t<\/div><\/figure><figure class='gallery-item'>\n\t\t\t<div class='gallery-icon landscape'>\n\t\t\t\t<a href='https:\/\/archive.sana.sy\/tr\/wp-content\/uploads\/2020\/12\/28-31-2.jpg'><img loading=\"lazy\" decoding=\"async\" width=\"660\" height=\"380\" src=\"https:\/\/archive.sana.sy\/tr\/wp-content\/uploads\/2020\/12\/28-31-2.jpg\" class=\"attachment-full size-full\" alt=\"\" srcset=\"https:\/\/archive.sana.sy\/tr\/wp-content\/uploads\/2020\/12\/28-31-2.jpg 660w, https:\/\/archive.sana.sy\/tr\/wp-content\/uploads\/2020\/12\/28-31-2-300x173.jpg 300w, https:\/\/archive.sana.sy\/tr\/wp-content\/uploads\/2020\/12\/28-31-2-150x86.jpg 150w\" sizes=\"auto, (max-width: 660px) 100vw, 660px\" \/><\/a>\n\t\t\t<\/div><\/figure>\n\t\t<\/div>\n\n","protected":false},"excerpt":{"rendered":"<p>\u015eam&#8217;daki Seyidet el Neyyah Katedrali&#8217;nde Noel \u015fark\u0131lar\u0131 ak\u015fam\u0131 d\u00fczenlendi<\/p>\n","protected":false},"author":1,"featured_media":225001,"comment_status":"closed","ping_status":"closed","sticky":false,"template":"","format":"standard","meta":{"footnotes":""},"categories":[596],"tags":[],"class_list":["post-225000","post","type-post","status-publish","format-standard","has-post-thumbnail","","category-fotografli-raporlar"],"_links":{"self":[{"href":"https:\/\/archive.sana.sy\/tr\/index.php?rest_route=\/wp\/v2\/posts\/225000","targetHints":{"allow":["GET"]}}],"collection":[{"href":"https:\/\/archive.sana.sy\/tr\/index.php?rest_route=\/wp\/v2\/posts"}],"about":[{"href":"https:\/\/archive.sana.sy\/tr\/index.php?rest_route=\/wp\/v2\/types\/post"}],"author":[{"embeddable":true,"href":"https:\/\/archive.sana.sy\/tr\/index.php?rest_route=\/wp\/v2\/users\/1"}],"replies":[{"embeddable":true,"href":"https:\/\/archive.sana.sy\/tr\/index.php?rest_route=%2Fwp%2Fv2%2Fcomments&post=225000"}],"version-history":[{"count":0,"href":"https:\/\/archive.sana.sy\/tr\/index.php?rest_route=\/wp\/v2\/posts\/225000\/revisions"}],"wp:featuredmedia":[{"embeddable":true,"href":"https:\/\/archive.sana.sy\/tr\/index.php?rest_route=\/wp\/v2\/media\/225001"}],"wp:attachment":[{"href":"https:\/\/archive.sana.sy\/tr\/index.php?rest_route=%2Fwp%2Fv2%2Fmedia&parent=225000"}],"wp:term":[{"taxonomy":"category","embeddable":true,"href":"https:\/\/archive.sana.sy\/tr\/index.php?rest_route=%2Fwp%2Fv2%2Fcategories&post=225000"},{"taxonomy":"post_tag","embeddable":true,"href":"https:\/\/archive.sana.sy\/tr\/index.php?rest_route=%2Fwp%2Fv2%2Ftags&post=225000"}],"curies":[{"name":"wp","href":"https:\/\/api.w.org\/{rel}","templated":true}]}}