{"id":225024,"date":"2020-12-22T20:36:01","date_gmt":"2020-12-22T18:36:01","guid":{"rendered":"http:\/\/107.6.182.27\/tr\/?p=225024"},"modified":"2020-12-23T15:37:45","modified_gmt":"2020-12-23T13:37:45","slug":"deyrezzorun-dogusundaki-geranj-beledesinin-ahalisi-dsg-milislerine-karsi-protesto-gosterisi-duzenledi","status":"publish","type":"post","link":"https:\/\/archive.sana.sy\/tr\/?p=225024","title":{"rendered":"\u011eeranj Beledesinin Ahalisi DSG Milislerine Kar\u015f\u0131 Protesto G\u00f6sterisi D\u00fczenledi"},"content":{"rendered":"<p>DEYREZZOR \u2013 Deyrezzor k\u0131rsal\u0131n\u0131n do\u011fusunda yer alan \u011eeranj Beldesinin ahalisi, Amerikan i\u015fgalinden destekli DSG milislerinin el Cezire B\u00f6lgesindeki uygulamalar\u0131n\u0131 k\u0131nayan protesto g\u00f6sterisi d\u00fczenledi.<\/p>\n<p>G\u00f6steriye kat\u0131lanlar; ba\u015fta DSG milisleri taraf\u0131ndan saflar\u0131nda sava\u015fmaya zorlamak i\u00e7in ka\u00e7\u0131r\u0131lan \u00f6\u011fretmenler olmak \u00fczere t\u00fcm ka\u00e7\u0131r\u0131lanlar\u0131n serbest b\u0131rak\u0131lmas\u0131n\u0131 talep ederek, milislerin devam ettikleri ka\u00e7\u0131rma eylemlerinin Cezire b\u00f6lgesindeki e\u011fitim s\u00fcrecini tehdit etti\u011fi uyar\u0131s\u0131nda bulundu.<\/p>\n<p>Ahaliler; DSG milislerinin beldelerinden \u00e7\u0131kma ve vatanda\u015flara kar\u015f\u0131 uygulanan ihlal ve zorbal\u0131klar\u0131n\u0131n durdurmas\u0131n\u0131 talep etti.<\/p>\n<p>\u00c7eviri: P.M.<\/p>\n","protected":false},"excerpt":{"rendered":"<p>DEYREZZOR \u2013 Deyrezzor k\u0131rsal\u0131n\u0131n do\u011fusunda yer alan \u011eeranj Beldesinin ahalisi, Amerikan i\u015fgalinden destekli DSG milislerinin el Cezire B\u00f6lgesindeki uygulamalar\u0131n\u0131 k\u0131nayan protesto g\u00f6sterisi d\u00fczenledi. G\u00f6steriye kat\u0131lanlar; ba\u015fta DSG milisleri taraf\u0131ndan saflar\u0131nda sava\u015fmaya zorlamak i\u00e7in ka\u00e7\u0131r\u0131lan \u00f6\u011fretmenler olmak \u00fczere t\u00fcm ka\u00e7\u0131r\u0131lanlar\u0131n serbest b\u0131rak\u0131lmas\u0131n\u0131 talep ederek, milislerin devam ettikleri ka\u00e7\u0131rma eylemlerinin Cezire b\u00f6lgesindeki e\u011fitim s\u00fcrecini tehdit etti\u011fi uyar\u0131s\u0131nda &hellip;<\/p>\n","protected":false},"author":1,"featured_media":225026,"comment_status":"closed","ping_status":"closed","sticky":false,"template":"","format":"standard","meta":{"footnotes":""},"categories":[479,575,17988,478],"tags":[],"class_list":["post-225024","post","type-post","status-publish","format-standard","has-post-thumbnail","","category-haberler-yerel","category-olaylar-ve-gercekler","category-son-haberler","category-yerel"],"_links":{"self":[{"href":"https:\/\/archive.sana.sy\/tr\/index.php?rest_route=\/wp\/v2\/posts\/225024","targetHints":{"allow":["GET"]}}],"collection":[{"href":"https:\/\/archive.sana.sy\/tr\/index.php?rest_route=\/wp\/v2\/posts"}],"about":[{"href":"https:\/\/archive.sana.sy\/tr\/index.php?rest_route=\/wp\/v2\/types\/post"}],"author":[{"embeddable":true,"href":"https:\/\/archive.sana.sy\/tr\/index.php?rest_route=\/wp\/v2\/users\/1"}],"replies":[{"embeddable":true,"href":"https:\/\/archive.sana.sy\/tr\/index.php?rest_route=%2Fwp%2Fv2%2Fcomments&post=225024"}],"version-history":[{"count":0,"href":"https:\/\/archive.sana.sy\/tr\/index.php?rest_route=\/wp\/v2\/posts\/225024\/revisions"}],"wp:featuredmedia":[{"embeddable":true,"href":"https:\/\/archive.sana.sy\/tr\/index.php?rest_route=\/wp\/v2\/media\/225026"}],"wp:attachment":[{"href":"https:\/\/archive.sana.sy\/tr\/index.php?rest_route=%2Fwp%2Fv2%2Fmedia&parent=225024"}],"wp:term":[{"taxonomy":"category","embeddable":true,"href":"https:\/\/archive.sana.sy\/tr\/index.php?rest_route=%2Fwp%2Fv2%2Fcategories&post=225024"},{"taxonomy":"post_tag","embeddable":true,"href":"https:\/\/archive.sana.sy\/tr\/index.php?rest_route=%2Fwp%2Fv2%2Ftags&post=225024"}],"curies":[{"name":"wp","href":"https:\/\/api.w.org\/{rel}","templated":true}]}}