{"id":225051,"date":"2020-12-23T15:52:41","date_gmt":"2020-12-23T13:52:41","guid":{"rendered":"http:\/\/107.6.182.27\/tr\/?p=225051"},"modified":"2020-12-24T16:22:26","modified_gmt":"2020-12-24T14:22:26","slug":"gecen-24-saat-icinde-yapilan-saldirilarda-8-dsg-unsuru-olduruldu","status":"publish","type":"post","link":"https:\/\/archive.sana.sy\/tr\/?p=225051","title":{"rendered":"Ge\u00e7en 24 Saat \u0130\u00e7inde Yap\u0131lan Sald\u0131r\u0131larda 8 DSG Unsuru \u00d6ld\u00fcr\u00fcld\u00fc"},"content":{"rendered":"<p>DEYREZZOR \u2013 Deyrezzor ve Rakka k\u0131rsallar\u0131nda ge\u00e7en 24 saat i\u00e7inde bilinmeyen ki\u015fi\u015ferce d\u00fczenlenen sald\u0131r\u0131lar\u0131da Amerikan i\u015fgalinden destekli DSG milislerinden 8 unsur \u00f6ld\u00fcr\u00fcld\u00fc ve di\u011ferler yaraland\u0131.<\/p>\n<p>Deyrezzor k\u0131rsal\u0131nda Amerikan i\u015fgalinden destekli DSG milislerine kar\u015f\u0131 s\u00fcrd\u00fcr\u00fclen sald\u0131r\u0131lar \u00e7er\u00e7evesinde, kimli\u011fi belirsiz ki\u015filerce Zeyban Beldesinde milislere ait bir karargah\u0131n sald\u0131r\u0131ya maruz kald\u0131\u011f\u0131 sonucunda iki DSG unsuru \u00f6ld\u00fcr\u00fcld\u00fc ve di\u011ferler yaraland\u0131.<\/p>\n<p>\u00d6te yandan Deyrezzor k\u0131rsal\u0131n\u0131n bat\u0131s\u0131ndan yerel kaynaklar; kimli\u011fi belirsiz ki\u015filerin el Kibr Beldesinde DSG milislerinden bir komutan\u0131n arabas\u0131na yerle\u015ftirdikleri bomba d\u00fczene\u011fi patlamas\u0131 sonucunda, komutan\u0131n \u00f6ld\u00fcr\u00fcld\u00fc\u011f\u00fcn\u00fc belirtti. Bunun yan\u0131 s\u0131ra ayn\u0131 b\u00f6lgede yer alan \u011eireybe k\u00f6y\u00fcnde 2 DSG unsuru bilinmeyen ki\u015filerin kur\u015funuyla \u00f6ld\u00fcr\u00fcld\u00fc.<\/p>\n<p>Rakka kentinde ise; kimli\u011fi belirsiz ki\u015filer kentin Suk el Hal ve Bab Ba\u011fdat Semtlerini ba\u011flayan yolundan ge\u00e7en bir DSG devriyesini sald\u0131r\u0131p i\u00e7indeki unsurlar\u0131 kay\u0131plara u\u011fratt\u0131.<\/p>\n<p>Rakka k\u0131rsal\u0131n\u0131n kuzeyinden b\u00f6lge kaynaklar\u0131 ise; Ayn \u0130sa\u2019n\u0131n kuzeyinde yer alan el M\u015feyrfe k\u00f6y\u00fcnde aralar\u0131nda bir komutan\u0131n bulundu\u011fu 3 DSG unsurunun bilinmeyen ki\u015filerce \u00f6ld\u00fcr\u00fcld\u00fc\u011f\u00fcn\u00fc belirtti. Bunun yan\u0131 s\u0131ra bir DSG unsuru, ayn\u0131 b\u00f6lgedeki Seyda k\u00f6y\u00fcnde may\u0131n patlamas\u0131na maruz kal\u0131p \u00f6ld\u00fc.<\/p>\n<p>\u00c7eviri: P.M.<\/p>\n","protected":false},"excerpt":{"rendered":"<p>DEYREZZOR \u2013 Deyrezzor ve Rakka k\u0131rsallar\u0131nda ge\u00e7en 24 saat i\u00e7inde bilinmeyen ki\u015fi\u015ferce d\u00fczenlenen sald\u0131r\u0131lar\u0131da Amerikan i\u015fgalinden destekli DSG milislerinden 8 unsur \u00f6ld\u00fcr\u00fcld\u00fc ve di\u011ferler yaraland\u0131. Deyrezzor k\u0131rsal\u0131nda Amerikan i\u015fgalinden destekli DSG milislerine kar\u015f\u0131 s\u00fcrd\u00fcr\u00fclen sald\u0131r\u0131lar \u00e7er\u00e7evesinde, kimli\u011fi belirsiz ki\u015filerce Zeyban Beldesinde milislere ait bir karargah\u0131n sald\u0131r\u0131ya maruz kald\u0131\u011f\u0131 sonucunda iki DSG unsuru \u00f6ld\u00fcr\u00fcld\u00fc ve di\u011ferler &hellip;<\/p>\n","protected":false},"author":1,"featured_media":225053,"comment_status":"closed","ping_status":"closed","sticky":false,"template":"","format":"standard","meta":{"footnotes":""},"categories":[479,575,17988,478],"tags":[],"class_list":["post-225051","post","type-post","status-publish","format-standard","has-post-thumbnail","","category-haberler-yerel","category-olaylar-ve-gercekler","category-son-haberler","category-yerel"],"_links":{"self":[{"href":"https:\/\/archive.sana.sy\/tr\/index.php?rest_route=\/wp\/v2\/posts\/225051","targetHints":{"allow":["GET"]}}],"collection":[{"href":"https:\/\/archive.sana.sy\/tr\/index.php?rest_route=\/wp\/v2\/posts"}],"about":[{"href":"https:\/\/archive.sana.sy\/tr\/index.php?rest_route=\/wp\/v2\/types\/post"}],"author":[{"embeddable":true,"href":"https:\/\/archive.sana.sy\/tr\/index.php?rest_route=\/wp\/v2\/users\/1"}],"replies":[{"embeddable":true,"href":"https:\/\/archive.sana.sy\/tr\/index.php?rest_route=%2Fwp%2Fv2%2Fcomments&post=225051"}],"version-history":[{"count":0,"href":"https:\/\/archive.sana.sy\/tr\/index.php?rest_route=\/wp\/v2\/posts\/225051\/revisions"}],"wp:featuredmedia":[{"embeddable":true,"href":"https:\/\/archive.sana.sy\/tr\/index.php?rest_route=\/wp\/v2\/media\/225053"}],"wp:attachment":[{"href":"https:\/\/archive.sana.sy\/tr\/index.php?rest_route=%2Fwp%2Fv2%2Fmedia&parent=225051"}],"wp:term":[{"taxonomy":"category","embeddable":true,"href":"https:\/\/archive.sana.sy\/tr\/index.php?rest_route=%2Fwp%2Fv2%2Fcategories&post=225051"},{"taxonomy":"post_tag","embeddable":true,"href":"https:\/\/archive.sana.sy\/tr\/index.php?rest_route=%2Fwp%2Fv2%2Ftags&post=225051"}],"curies":[{"name":"wp","href":"https:\/\/api.w.org\/{rel}","templated":true}]}}