{"id":225120,"date":"2020-12-24T16:14:35","date_gmt":"2020-12-24T14:14:35","guid":{"rendered":"http:\/\/107.6.182.27\/tr\/?p=225120"},"modified":"2020-12-26T13:56:20","modified_gmt":"2020-12-26T11:56:20","slug":"turk-isgali-ve-kiralik-teroristleri-ayn-issa-kentini-bombaladi","status":"publish","type":"post","link":"https:\/\/archive.sana.sy\/tr\/?p=225120","title":{"rendered":"T\u00fcrk \u0130\u015fgali ve Kiral\u0131k Ter\u00f6ristleri Ayn \u0130ssa Kentini Bombalad\u0131"},"content":{"rendered":"<p>RAKKA \u2013 T\u00fcrk i\u015fgali ve kiral\u0131k ter\u00f6ristleri Rakka k\u0131rsal\u0131n\u0131n kuzeyinde yer alan Ayn \u0130ssa Kentine y\u00f6nelik sald\u0131r\u0131lar\u0131n\u0131 yeniledi.<\/p>\n<p>B\u00f6lge kaynaklar\u0131 SANA muhabirine; i\u015fgalci T\u00fcrk g\u00fc\u00e7lerinin ve ter\u00f6r \u00f6rg\u00fctlerinden olu\u015fan kiral\u0131klar\u0131n\u0131n bug\u00fcn Rakka k\u0131rsal\u0131n\u0131n kuzeyindeki Ayn \u0130ssa beldesine y\u00f6nelik bombard\u0131manlar\u0131n\u0131 yenilediklerini belirtti.<\/p>\n<p>Kaynaklar; bombard\u0131man sonucunda kentteki sivil yerle\u015fim alanlar\u0131 ve hizmet altyap\u0131larda b\u00fcy\u00fck maddi hasarlar\u0131n meydana geldi\u011fine i\u015faret etti.<\/p>\n<p>\u00c7eviri: P.M.<\/p>\n","protected":false},"excerpt":{"rendered":"<p>RAKKA \u2013 T\u00fcrk i\u015fgali ve kiral\u0131k ter\u00f6ristleri Rakka k\u0131rsal\u0131n\u0131n kuzeyinde yer alan Ayn \u0130ssa Kentine y\u00f6nelik sald\u0131r\u0131lar\u0131n\u0131 yeniledi. B\u00f6lge kaynaklar\u0131 SANA muhabirine; i\u015fgalci T\u00fcrk g\u00fc\u00e7lerinin ve ter\u00f6r \u00f6rg\u00fctlerinden olu\u015fan kiral\u0131klar\u0131n\u0131n bug\u00fcn Rakka k\u0131rsal\u0131n\u0131n kuzeyindeki Ayn \u0130ssa beldesine y\u00f6nelik bombard\u0131manlar\u0131n\u0131 yenilediklerini belirtti. Kaynaklar; bombard\u0131man sonucunda kentteki sivil yerle\u015fim alanlar\u0131 ve hizmet altyap\u0131larda b\u00fcy\u00fck maddi hasarlar\u0131n meydana &hellip;<\/p>\n","protected":false},"author":1,"featured_media":225124,"comment_status":"closed","ping_status":"closed","sticky":false,"template":"","format":"standard","meta":{"footnotes":""},"categories":[479,575,17988,478],"tags":[],"class_list":["post-225120","post","type-post","status-publish","format-standard","has-post-thumbnail","","category-haberler-yerel","category-olaylar-ve-gercekler","category-son-haberler","category-yerel"],"_links":{"self":[{"href":"https:\/\/archive.sana.sy\/tr\/index.php?rest_route=\/wp\/v2\/posts\/225120","targetHints":{"allow":["GET"]}}],"collection":[{"href":"https:\/\/archive.sana.sy\/tr\/index.php?rest_route=\/wp\/v2\/posts"}],"about":[{"href":"https:\/\/archive.sana.sy\/tr\/index.php?rest_route=\/wp\/v2\/types\/post"}],"author":[{"embeddable":true,"href":"https:\/\/archive.sana.sy\/tr\/index.php?rest_route=\/wp\/v2\/users\/1"}],"replies":[{"embeddable":true,"href":"https:\/\/archive.sana.sy\/tr\/index.php?rest_route=%2Fwp%2Fv2%2Fcomments&post=225120"}],"version-history":[{"count":0,"href":"https:\/\/archive.sana.sy\/tr\/index.php?rest_route=\/wp\/v2\/posts\/225120\/revisions"}],"wp:featuredmedia":[{"embeddable":true,"href":"https:\/\/archive.sana.sy\/tr\/index.php?rest_route=\/wp\/v2\/media\/225124"}],"wp:attachment":[{"href":"https:\/\/archive.sana.sy\/tr\/index.php?rest_route=%2Fwp%2Fv2%2Fmedia&parent=225120"}],"wp:term":[{"taxonomy":"category","embeddable":true,"href":"https:\/\/archive.sana.sy\/tr\/index.php?rest_route=%2Fwp%2Fv2%2Fcategories&post=225120"},{"taxonomy":"post_tag","embeddable":true,"href":"https:\/\/archive.sana.sy\/tr\/index.php?rest_route=%2Fwp%2Fv2%2Ftags&post=225120"}],"curies":[{"name":"wp","href":"https:\/\/api.w.org\/{rel}","templated":true}]}}