{"id":225161,"date":"2020-12-25T10:00:25","date_gmt":"2020-12-25T08:00:25","guid":{"rendered":"http:\/\/www.sana.sy\/tr\/?p=225161"},"modified":"2020-12-26T13:57:36","modified_gmt":"2020-12-26T11:57:36","slug":"hava-savunmalarimiz-israilin-saldirisina-karsilik-verdi-dusman-fuzelerin-cogunu-dusurdu-video","status":"publish","type":"post","link":"https:\/\/archive.sana.sy\/tr\/?p=225161","title":{"rendered":"Hava Savunmalar\u0131m\u0131z, \u0130srail&#8217;in Sald\u0131r\u0131s\u0131na Kar\u015f\u0131l\u0131k Verdi, D\u00fc\u015fman F\u00fczelerin \u00c7o\u011funu D\u00fc\u015f\u00fcrd\u00fc &#8211; video"},"content":{"rendered":"<p style=\"text-align: justify;\">HAMA &#8211; Suriye Arap Ordusu&#8217;ndaki hava savunma sistemleri bu sabah \u0130srail&#8217;in Hama k\u0131rsal\u0131ndaki M\u0131syaf b\u00f6lgesine y\u00f6nelik f\u00fczeli sald\u0131r\u0131ya kar\u015f\u0131 koyarak, d\u00fc\u015fman f\u00fczelerin \u00e7o\u011funu d\u00fc\u015f\u00fcrd\u00fc.<\/p>\n<p style=\"text-align: justify;\">Askeri bir kaynak SANA&#8217;ya yapt\u0131\u011f\u0131 a\u00e7\u0131klamada, &#8220;Bug\u00fcn sabah saat 00:40&#8217;ta, d\u00fc\u015fman \u0130srail&#8217;in L\u00fcbnan&#8217;\u0131n Trablus kentinin kuzeyinden Hama bat\u0131 k\u0131rsal\u0131ndaki M\u0131syaf b\u00f6lgesine do\u011fru f\u00fczeli sald\u0131r\u0131 d\u00fczenledi\u011fini, hava savunma sistemlerimizin de bu sald\u0131rya kar\u015f\u0131 koydu\u011funu ve f\u00fczelerin \u00e7o\u011funu d\u00fc\u015f\u00fcrd\u00fc\u011f\u00fcn\u00fc belirtti.<\/p>\n","protected":false},"excerpt":{"rendered":"<p>HAMA &#8211; Suriye Arap Ordusu&#8217;ndaki hava savunma sistemleri bu sabah \u0130srail&#8217;in Hama k\u0131rsal\u0131ndaki M\u0131syaf b\u00f6lgesine y\u00f6nelik f\u00fczeli sald\u0131r\u0131ya kar\u015f\u0131 koyarak, d\u00fc\u015fman f\u00fczelerin \u00e7o\u011funu d\u00fc\u015f\u00fcrd\u00fc. Askeri bir kaynak SANA&#8217;ya yapt\u0131\u011f\u0131 a\u00e7\u0131klamada, &#8220;Bug\u00fcn sabah saat 00:40&#8217;ta, d\u00fc\u015fman \u0130srail&#8217;in L\u00fcbnan&#8217;\u0131n Trablus kentinin kuzeyinden Hama bat\u0131 k\u0131rsal\u0131ndaki M\u0131syaf b\u00f6lgesine do\u011fru f\u00fczeli sald\u0131r\u0131 d\u00fczenledi\u011fini, hava savunma sistemlerimizin de bu sald\u0131rya &hellip;<\/p>\n","protected":false},"author":1,"featured_media":225162,"comment_status":"closed","ping_status":"closed","sticky":false,"template":"","format":"standard","meta":{"footnotes":""},"categories":[479,575,17988,478],"tags":[],"class_list":["post-225161","post","type-post","status-publish","format-standard","has-post-thumbnail","","category-haberler-yerel","category-olaylar-ve-gercekler","category-son-haberler","category-yerel"],"_links":{"self":[{"href":"https:\/\/archive.sana.sy\/tr\/index.php?rest_route=\/wp\/v2\/posts\/225161","targetHints":{"allow":["GET"]}}],"collection":[{"href":"https:\/\/archive.sana.sy\/tr\/index.php?rest_route=\/wp\/v2\/posts"}],"about":[{"href":"https:\/\/archive.sana.sy\/tr\/index.php?rest_route=\/wp\/v2\/types\/post"}],"author":[{"embeddable":true,"href":"https:\/\/archive.sana.sy\/tr\/index.php?rest_route=\/wp\/v2\/users\/1"}],"replies":[{"embeddable":true,"href":"https:\/\/archive.sana.sy\/tr\/index.php?rest_route=%2Fwp%2Fv2%2Fcomments&post=225161"}],"version-history":[{"count":0,"href":"https:\/\/archive.sana.sy\/tr\/index.php?rest_route=\/wp\/v2\/posts\/225161\/revisions"}],"wp:featuredmedia":[{"embeddable":true,"href":"https:\/\/archive.sana.sy\/tr\/index.php?rest_route=\/wp\/v2\/media\/225162"}],"wp:attachment":[{"href":"https:\/\/archive.sana.sy\/tr\/index.php?rest_route=%2Fwp%2Fv2%2Fmedia&parent=225161"}],"wp:term":[{"taxonomy":"category","embeddable":true,"href":"https:\/\/archive.sana.sy\/tr\/index.php?rest_route=%2Fwp%2Fv2%2Fcategories&post=225161"},{"taxonomy":"post_tag","embeddable":true,"href":"https:\/\/archive.sana.sy\/tr\/index.php?rest_route=%2Fwp%2Fv2%2Ftags&post=225161"}],"curies":[{"name":"wp","href":"https:\/\/api.w.org\/{rel}","templated":true}]}}