{"id":225180,"date":"2020-12-25T14:47:25","date_gmt":"2020-12-25T12:47:25","guid":{"rendered":"http:\/\/107.6.182.27\/tr\/?p=225180"},"modified":"2020-12-26T13:58:18","modified_gmt":"2020-12-26T11:58:18","slug":"erdoganin-kiraliklari-ile-dsg-milisleri-rakka-kirsali-ayn-isada-catisti-bazi-ailenin-yerlerinden-edildi","status":"publish","type":"post","link":"https:\/\/archive.sana.sy\/tr\/?p=225180","title":{"rendered":"Erdo\u011fan&#8217;\u0131n Kiral\u0131klar\u0131 \u0130le (DSG) Milisleri Rakka K\u0131rsal\u0131 Ayn \u0130sa&#8217;da \u00c7at\u0131\u015ft\u0131 Baz\u0131 Ailenin Yerlerinden Edildi"},"content":{"rendered":"<p style=\"text-align: justify;\">RAKKA &#8211; Rakka&#8217;n\u0131n kuzey k\u0131rsal\u0131ndaki Ayn \u0130sa kenti civar\u0131nda i\u015fgalci T\u00fcrkiye&#8217;nin kiral\u0131klar\u0131 ile Amerikan i\u015fgal g\u00fc\u00e7lerinin destekledi\u011fi &#8220;DSG&#8221; milisleri aras\u0131nda devam eden \u00e7at\u0131\u015fmalar, kent sakinlerinin bir k\u0131sm\u0131n\u0131n evlerinden tehcir edilmelerine neden oldu.<\/p>\n<p style=\"text-align: justify;\">Yerel kaynaklar SANA&#8217;ya a\u00e7\u0131klamalar\u0131nda, &#8220;DSG&#8221; milisleri&#8221; ile i\u015fgalci T\u00fcrkiye kiral\u0131klar\u0131ndan ter\u00f6ristler aras\u0131nda \u00e7\u0131kan \u00e7at\u0131\u015fmalarla i\u015fgalci T\u00fcrk g\u00fc\u00e7leri ile kiral\u0131klar\u0131n\u0131n evlere roketlerle sald\u0131rmas\u0131n\u0131n, baz\u0131 ailelerin k\u00f6t\u00fc g\u00fcvenlik ko\u015fullar\u0131 ve evlere, ahali m\u00fclkleri ve alt yap\u0131lara verilen b\u00fcy\u00fck hasar nedeniyle ya\u015fanmaz hale geldikten sonra evlerini terk etmelerine neden oldu\u011funu bildirdi.<\/p>\n<p style=\"text-align: justify;\">Kaynaklar, neredeyse her g\u00fcn meydana gelen \u015fiddetli bombard\u0131man sonucunda siviller aras\u0131nda ya\u015fanan panik ve korku durumuna i\u015faret ederek, insanlar\u0131n ac\u0131 \u00e7ekmesine, ihtiya\u00e7lar\u0131n\u0131 kar\u015f\u0131lama ve i\u015flerine gidememelerine neden oldu\u011funu dile getirdi.<\/p>\n","protected":false},"excerpt":{"rendered":"<p>RAKKA &#8211; Rakka&#8217;n\u0131n kuzey k\u0131rsal\u0131ndaki Ayn \u0130sa kenti civar\u0131nda i\u015fgalci T\u00fcrkiye&#8217;nin kiral\u0131klar\u0131 ile Amerikan i\u015fgal g\u00fc\u00e7lerinin destekledi\u011fi &#8220;DSG&#8221; milisleri aras\u0131nda devam eden \u00e7at\u0131\u015fmalar, kent sakinlerinin bir k\u0131sm\u0131n\u0131n evlerinden tehcir edilmelerine neden oldu. Yerel kaynaklar SANA&#8217;ya a\u00e7\u0131klamalar\u0131nda, &#8220;DSG&#8221; milisleri&#8221; ile i\u015fgalci T\u00fcrkiye kiral\u0131klar\u0131ndan ter\u00f6ristler aras\u0131nda \u00e7\u0131kan \u00e7at\u0131\u015fmalarla i\u015fgalci T\u00fcrk g\u00fc\u00e7leri ile kiral\u0131klar\u0131n\u0131n evlere roketlerle sald\u0131rmas\u0131n\u0131n, baz\u0131 &hellip;<\/p>\n","protected":false},"author":1,"featured_media":225181,"comment_status":"closed","ping_status":"closed","sticky":false,"template":"","format":"standard","meta":{"footnotes":""},"categories":[479,575,17988,478],"tags":[],"class_list":["post-225180","post","type-post","status-publish","format-standard","has-post-thumbnail","","category-haberler-yerel","category-olaylar-ve-gercekler","category-son-haberler","category-yerel"],"_links":{"self":[{"href":"https:\/\/archive.sana.sy\/tr\/index.php?rest_route=\/wp\/v2\/posts\/225180","targetHints":{"allow":["GET"]}}],"collection":[{"href":"https:\/\/archive.sana.sy\/tr\/index.php?rest_route=\/wp\/v2\/posts"}],"about":[{"href":"https:\/\/archive.sana.sy\/tr\/index.php?rest_route=\/wp\/v2\/types\/post"}],"author":[{"embeddable":true,"href":"https:\/\/archive.sana.sy\/tr\/index.php?rest_route=\/wp\/v2\/users\/1"}],"replies":[{"embeddable":true,"href":"https:\/\/archive.sana.sy\/tr\/index.php?rest_route=%2Fwp%2Fv2%2Fcomments&post=225180"}],"version-history":[{"count":0,"href":"https:\/\/archive.sana.sy\/tr\/index.php?rest_route=\/wp\/v2\/posts\/225180\/revisions"}],"wp:featuredmedia":[{"embeddable":true,"href":"https:\/\/archive.sana.sy\/tr\/index.php?rest_route=\/wp\/v2\/media\/225181"}],"wp:attachment":[{"href":"https:\/\/archive.sana.sy\/tr\/index.php?rest_route=%2Fwp%2Fv2%2Fmedia&parent=225180"}],"wp:term":[{"taxonomy":"category","embeddable":true,"href":"https:\/\/archive.sana.sy\/tr\/index.php?rest_route=%2Fwp%2Fv2%2Fcategories&post=225180"},{"taxonomy":"post_tag","embeddable":true,"href":"https:\/\/archive.sana.sy\/tr\/index.php?rest_route=%2Fwp%2Fv2%2Ftags&post=225180"}],"curies":[{"name":"wp","href":"https:\/\/api.w.org\/{rel}","templated":true}]}}