{"id":225259,"date":"2020-12-27T15:06:40","date_gmt":"2020-12-27T13:06:40","guid":{"rendered":"http:\/\/107.6.182.27\/tr\/?p=225259"},"modified":"2020-12-28T12:00:48","modified_gmt":"2020-12-28T10:00:48","slug":"isgalci-israil-kuvvetleri-bati-yakada-9-filistinliyi-tutukladi","status":"publish","type":"post","link":"https:\/\/archive.sana.sy\/tr\/?p=225259","title":{"rendered":"\u0130\u015fgalci \u0130srail Kuvvetleri Bat\u0131 Yaka&#8217;da 9 Filistinli&#8217;yi Tutuklad\u0131"},"content":{"rendered":"<p>\u0130\u015eGAL ALTINDAK\u0130 KUD\u00dcS &#8211; \u0130srail i\u015fgal g\u00fc\u00e7leri bug\u00fcn, Bat\u0131 Yaka&#8217;da dokuz Filistinliyi tutuklad\u0131.<\/p>\n<p>WAFA haber ajans\u0131, i\u015fgalci \u0130srail g\u00fc\u00e7lerinin Ramallah&#8217;taki el Calazon kamp\u0131, El Halil&#8217;deki Taffuh ve Al Kovm ile Tulkarm&#8217;daki Deyr Al \u011eusun&#8217;a bask\u0131n d\u00fczenledi\u011fini ve dokuz Filistinliyi tutuklad\u0131\u011f\u0131n\u0131 bildirdi.<\/p>\n","protected":false},"excerpt":{"rendered":"<p>\u0130\u015eGAL ALTINDAK\u0130 KUD\u00dcS &#8211; \u0130srail i\u015fgal g\u00fc\u00e7leri bug\u00fcn, Bat\u0131 Yaka&#8217;da dokuz Filistinliyi tutuklad\u0131. WAFA haber ajans\u0131, i\u015fgalci \u0130srail g\u00fc\u00e7lerinin Ramallah&#8217;taki el Calazon kamp\u0131, El Halil&#8217;deki Taffuh ve Al Kovm ile Tulkarm&#8217;daki Deyr Al \u011eusun&#8217;a bask\u0131n d\u00fczenledi\u011fini ve dokuz Filistinliyi tutuklad\u0131\u011f\u0131n\u0131 bildirdi.<\/p>\n","protected":false},"author":1,"featured_media":225260,"comment_status":"closed","ping_status":"closed","sticky":false,"template":"","format":"standard","meta":{"footnotes":""},"categories":[575,17988],"tags":[],"class_list":["post-225259","post","type-post","status-publish","format-standard","has-post-thumbnail","","category-olaylar-ve-gercekler","category-son-haberler"],"_links":{"self":[{"href":"https:\/\/archive.sana.sy\/tr\/index.php?rest_route=\/wp\/v2\/posts\/225259","targetHints":{"allow":["GET"]}}],"collection":[{"href":"https:\/\/archive.sana.sy\/tr\/index.php?rest_route=\/wp\/v2\/posts"}],"about":[{"href":"https:\/\/archive.sana.sy\/tr\/index.php?rest_route=\/wp\/v2\/types\/post"}],"author":[{"embeddable":true,"href":"https:\/\/archive.sana.sy\/tr\/index.php?rest_route=\/wp\/v2\/users\/1"}],"replies":[{"embeddable":true,"href":"https:\/\/archive.sana.sy\/tr\/index.php?rest_route=%2Fwp%2Fv2%2Fcomments&post=225259"}],"version-history":[{"count":0,"href":"https:\/\/archive.sana.sy\/tr\/index.php?rest_route=\/wp\/v2\/posts\/225259\/revisions"}],"wp:featuredmedia":[{"embeddable":true,"href":"https:\/\/archive.sana.sy\/tr\/index.php?rest_route=\/wp\/v2\/media\/225260"}],"wp:attachment":[{"href":"https:\/\/archive.sana.sy\/tr\/index.php?rest_route=%2Fwp%2Fv2%2Fmedia&parent=225259"}],"wp:term":[{"taxonomy":"category","embeddable":true,"href":"https:\/\/archive.sana.sy\/tr\/index.php?rest_route=%2Fwp%2Fv2%2Fcategories&post=225259"},{"taxonomy":"post_tag","embeddable":true,"href":"https:\/\/archive.sana.sy\/tr\/index.php?rest_route=%2Fwp%2Fv2%2Ftags&post=225259"}],"curies":[{"name":"wp","href":"https:\/\/api.w.org\/{rel}","templated":true}]}}