{"id":22538,"date":"2015-02-01T20:06:52","date_gmt":"2015-02-01T18:06:52","guid":{"rendered":"http:\/\/www.sana.sy\/tr\/?p=22538"},"modified":"2015-02-02T15:36:29","modified_gmt":"2015-02-02T13:36:29","slug":"teror-cetelerin-sivil-yerlesim-alanlarina-saldirilari-yine-masum-canlar-aldi","status":"publish","type":"post","link":"https:\/\/archive.sana.sy\/tr\/?p=22538","title":{"rendered":"\u015eam\u2019da L\u00fcbnanl\u0131 Ziyaret\u00e7ilerin Yolcu Otob\u00fcs\u00fcn\u00fc Bombalad\u0131lar.. Sivil Yerle\u015fim Alanlar\u0131na Sald\u0131r\u0131lar\u0131 S\u00fcr\u00fcyor"},"content":{"rendered":"<p>\u0130LLER \u2013 Muhtelif adland\u0131rmalar alt\u0131ndaki hain ve gaddar ter\u00f6r \u00e7etelerin muhtelif b\u00f6lgelerde sivil yerle\u015fim alanlar\u0131 ve masum insanlara y\u00f6nelik korkak sald\u0131r\u0131lar\u0131 devam ediyor.<\/p>\n<p><span style=\"color: #0000ff\">\u015eam\u2019da L\u00fcbnanl\u0131 Ziyaret\u00e7ilerin Yolcu Otob\u00fcs\u00fcn\u00fc Bombalad\u0131lar.. 6 \u015eehit 24 Yaral\u0131<\/span><\/p>\n<p>\u015eam Emniyet M\u00fcd\u00fcrl\u00fc\u011f\u00fcnde bir kaynak ter\u00f6ristlerin, ba\u015fkentin Kellasa B\u00f6lgesinde Hamidiye \u00c7ar\u015f\u0131s\u0131n\u0131n giri\u015fi yak\u0131nlar\u0131nda L\u00fcbnanl\u0131 ziyaret\u00e7ileri ta\u015f\u0131yan bir yolcu otob\u00fcs\u00fcn\u00fcn \u00f6n k\u0131sm\u0131na yerle\u015ftirdikleri 5 kg a\u011f\u0131rl\u0131\u011f\u0131nda bir bomba d\u00fczene\u011fini havaya u\u00e7urduklar\u0131n\u0131 belirtti.<\/p>\n<p>Kaynak \u015eam Kalesi yak\u0131n\u0131nda d\u00fc\u015fen ve insanlar\u0131n olduk\u00e7a yo\u011fun oldu\u011fu b\u00f6lgede meydana gelen patlamada L\u00fcbnanl\u0131 ziyaret\u00e7ilerden 6 ki\u015finin \u015fehit, aralar\u0131nda 3 ya\u015f\u0131nda bir \u00e7ocu\u011fun bulundu\u011fu 24\u00a0ki\u015finin de yaraland\u0131\u011f\u0131n\u0131 a\u00e7\u0131klad\u0131.<\/p>\n<p>Kaynak yaral\u0131lar\u0131n bir k\u0131sm\u0131n\u0131n a\u011f\u0131r oldu\u011funu s\u00f6ylerken, \u015eam\u2019\u0131n muhtelif hastanelerinde tedaviye al\u0131nd\u0131klar\u0131n\u0131 s\u00f6zlerine ekledi.<\/p>\n<p>Hain ve gaddar ter\u00f6ristlerin otob\u00fcs\u00fcn ortas\u0131na koyduklar\u0131 di\u011fer bir \u00e7antan\u0131n i\u00e7ine yine 5 kg a\u011f\u0131rl\u0131\u011f\u0131nda ikinci bir bomba d\u00fczene\u011fi yerle\u015ftirdiklerine dikkat \u00e7eken kaynak, ikinci bomban\u0131n infilak etmeden \u00f6nce bomba imha ekipleri taraf\u0131ndan etkisizle\u015ftirildi\u011fini belirtti.<\/p>\n<p>B\u00f6lgeye giden SANA muhabiri patlama neticesinde otob\u00fcs\u00fcn \u00f6n cephesi yan\u0131 s\u0131ra civarda bulunan i\u015fyerlerinde de maddi hasarlar\u0131n olu\u015ftu\u011funu aktard\u0131.<\/p>\n<p><a href=\"https:\/\/www.youtube.com\/watch?v=-xUI0xk_dWQ\">https:\/\/www.youtube.com\/watch?v=-xUI0xk_dWQ<\/a><\/p>\n<p><span style=\"color: #0000ff\">Halep&#8217;te F\u00fcze Sald\u0131r\u0131lar\u0131 Devam Ediyor<\/span><\/p>\n<p>Halep \u0130l Emniyet M\u00fcd\u00fcrl\u00fc\u011f\u00fcnde yetkili bir kaynak bug\u00fcn yapt\u0131\u011f\u0131 a\u00e7\u0131klamada; tekfirci ter\u00f6r \u00e7etelerin Halep Kentinin sivil yerle\u015fim alanlar\u0131ndan Seyf el Devle Semtine bir\u00e7ok f\u00fczeyle sald\u0131rd\u0131klar\u0131n\u0131 s\u00f6yledi.<\/p>\n<p>Kaynak hain sald\u0131r\u0131larda bir kad\u0131n ve bir erke\u011fin \u015fehit d\u00fc\u015ft\u00fcklerini, 16 vatanda\u015f\u0131n da yaraland\u0131\u011f\u0131n\u0131 a\u00e7\u0131klarken, \u00f6zel ve kamu m\u00fclklerinde de b\u00fcy\u00fck hasar\u0131n olu\u015ftu\u011funu belirtti.<\/p>\n<p>Ter\u00f6r \u00e7etelerinin \u0130za\u2019a Semtini de f\u00fczelerle hedef ald\u0131klar\u0131n\u0131 aktaran kaynak, burada da vatanda\u015flar\u0131n ev, i\u015fyerleri ve ara\u00e7lar\u0131n\u0131n hasar g\u00f6rd\u00fc\u011f\u00fcn\u00fc s\u00f6yledi.<\/p>\n<p>Tekfirci ter\u00f6r \u00e7eteleri d\u00fcn Halep Kentinin Amiriye ve Me\u015farika semtlerini f\u00fczelerle hedef almalar\u0131 sonucunda bir \u00e7ocuk \u015fehit d\u00fc\u015fm\u00fc\u015f bir vatanda\u015f da yaralanm\u0131\u015ft\u0131.<\/p>\n<p><span style=\"color: #0000ff\">Ter\u00f6ristlerin \u015eam Kellase b\u00f6lgesinde bombalad\u0131klar\u0131 yolcu otob\u00fcs\u00fcne ait kareler..<\/span><\/p>\n<div id='gallery-1' class='gallery galleryid-22538 gallery-columns-3 gallery-size-thumbnail'><figure class='gallery-item'>\n\t\t\t<div class='gallery-icon landscape'>\n\t\t\t\t<a href='https:\/\/archive.sana.sy\/tr\/wp-content\/uploads\/2015\/02\/otob\u00fcs-1.jpg'><img loading=\"lazy\" decoding=\"async\" width=\"150\" height=\"72\" src=\"https:\/\/archive.sana.sy\/tr\/wp-content\/uploads\/2015\/02\/otob\u00fcs-1-150x72.jpg\" class=\"attachment-thumbnail size-thumbnail\" alt=\"\" srcset=\"https:\/\/archive.sana.sy\/tr\/wp-content\/uploads\/2015\/02\/otob\u00fcs-1-150x72.jpg 150w, https:\/\/archive.sana.sy\/tr\/wp-content\/uploads\/2015\/02\/otob\u00fcs-1-300x144.jpg 300w, https:\/\/archive.sana.sy\/tr\/wp-content\/uploads\/2015\/02\/otob\u00fcs-1-1024x493.jpg 1024w\" sizes=\"auto, (max-width: 150px) 100vw, 150px\" \/><\/a>\n\t\t\t<\/div><\/figure><figure class='gallery-item'>\n\t\t\t<div class='gallery-icon landscape'>\n\t\t\t\t<a href='https:\/\/archive.sana.sy\/tr\/wp-content\/uploads\/2015\/02\/otob\u00fcs-2.jpg'><img loading=\"lazy\" decoding=\"async\" width=\"150\" height=\"84\" src=\"https:\/\/archive.sana.sy\/tr\/wp-content\/uploads\/2015\/02\/otob\u00fcs-2-150x84.jpg\" class=\"attachment-thumbnail size-thumbnail\" alt=\"\" srcset=\"https:\/\/archive.sana.sy\/tr\/wp-content\/uploads\/2015\/02\/otob\u00fcs-2-150x84.jpg 150w, https:\/\/archive.sana.sy\/tr\/wp-content\/uploads\/2015\/02\/otob\u00fcs-2-300x168.jpg 300w, https:\/\/archive.sana.sy\/tr\/wp-content\/uploads\/2015\/02\/otob\u00fcs-2-1024x574.jpg 1024w\" sizes=\"auto, (max-width: 150px) 100vw, 150px\" \/><\/a>\n\t\t\t<\/div><\/figure><figure class='gallery-item'>\n\t\t\t<div class='gallery-icon landscape'>\n\t\t\t\t<a href='https:\/\/archive.sana.sy\/tr\/wp-content\/uploads\/2015\/02\/otob\u00fcs-3.jpg'><img loading=\"lazy\" decoding=\"async\" width=\"150\" height=\"100\" src=\"https:\/\/archive.sana.sy\/tr\/wp-content\/uploads\/2015\/02\/otob\u00fcs-3-150x100.jpg\" class=\"attachment-thumbnail size-thumbnail\" alt=\"\" srcset=\"https:\/\/archive.sana.sy\/tr\/wp-content\/uploads\/2015\/02\/otob\u00fcs-3-150x100.jpg 150w, https:\/\/archive.sana.sy\/tr\/wp-content\/uploads\/2015\/02\/otob\u00fcs-3-300x200.jpg 300w, https:\/\/archive.sana.sy\/tr\/wp-content\/uploads\/2015\/02\/otob\u00fcs-3-1024x681.jpg 1024w\" sizes=\"auto, (max-width: 150px) 100vw, 150px\" \/><\/a>\n\t\t\t<\/div><\/figure><figure class='gallery-item'>\n\t\t\t<div class='gallery-icon landscape'>\n\t\t\t\t<a href='https:\/\/archive.sana.sy\/tr\/wp-content\/uploads\/2015\/02\/otob\u00fcs-4.jpg'><img loading=\"lazy\" decoding=\"async\" width=\"150\" height=\"87\" src=\"https:\/\/archive.sana.sy\/tr\/wp-content\/uploads\/2015\/02\/otob\u00fcs-4-150x87.jpg\" class=\"attachment-thumbnail size-thumbnail\" alt=\"\" srcset=\"https:\/\/archive.sana.sy\/tr\/wp-content\/uploads\/2015\/02\/otob\u00fcs-4-150x87.jpg 150w, https:\/\/archive.sana.sy\/tr\/wp-content\/uploads\/2015\/02\/otob\u00fcs-4-300x174.jpg 300w, https:\/\/archive.sana.sy\/tr\/wp-content\/uploads\/2015\/02\/otob\u00fcs-4-1024x595.jpg 1024w\" sizes=\"auto, (max-width: 150px) 100vw, 150px\" \/><\/a>\n\t\t\t<\/div><\/figure><figure class='gallery-item'>\n\t\t\t<div class='gallery-icon landscape'>\n\t\t\t\t<a href='https:\/\/archive.sana.sy\/tr\/wp-content\/uploads\/2015\/02\/otob\u00fcs-5.jpg'><img loading=\"lazy\" decoding=\"async\" width=\"150\" height=\"136\" src=\"https:\/\/archive.sana.sy\/tr\/wp-content\/uploads\/2015\/02\/otob\u00fcs-5-150x136.jpg\" class=\"attachment-thumbnail size-thumbnail\" alt=\"\" srcset=\"https:\/\/archive.sana.sy\/tr\/wp-content\/uploads\/2015\/02\/otob\u00fcs-5-150x136.jpg 150w, https:\/\/archive.sana.sy\/tr\/wp-content\/uploads\/2015\/02\/otob\u00fcs-5-300x273.jpg 300w, https:\/\/archive.sana.sy\/tr\/wp-content\/uploads\/2015\/02\/otob\u00fcs-5-1024x931.jpg 1024w\" sizes=\"auto, (max-width: 150px) 100vw, 150px\" \/><\/a>\n\t\t\t<\/div><\/figure>\n\t\t<\/div>\n\n<p>A.A. &#8211; R.H.<\/p>\n","protected":false},"excerpt":{"rendered":"<p>\u0130LLER \u2013 Muhtelif adland\u0131rmalar alt\u0131ndaki hain ve gaddar ter\u00f6r \u00e7etelerin muhtelif b\u00f6lgelerde sivil yerle\u015fim alanlar\u0131 ve masum insanlara y\u00f6nelik korkak sald\u0131r\u0131lar\u0131 devam ediyor. \u015eam\u2019da L\u00fcbnanl\u0131 Ziyaret\u00e7ilerin Yolcu Otob\u00fcs\u00fcn\u00fc Bombalad\u0131lar.. 6 \u015eehit 24 Yaral\u0131 \u015eam Emniyet M\u00fcd\u00fcrl\u00fc\u011f\u00fcnde bir kaynak ter\u00f6ristlerin, ba\u015fkentin Kellasa B\u00f6lgesinde Hamidiye \u00c7ar\u015f\u0131s\u0131n\u0131n giri\u015fi yak\u0131nlar\u0131nda L\u00fcbnanl\u0131 ziyaret\u00e7ileri ta\u015f\u0131yan bir yolcu otob\u00fcs\u00fcn\u00fcn \u00f6n k\u0131sm\u0131na yerle\u015ftirdikleri &hellip;<\/p>\n","protected":false},"author":1,"featured_media":22574,"comment_status":"closed","ping_status":"closed","sticky":false,"template":"","format":"standard","meta":{"footnotes":""},"categories":[575],"tags":[11055],"class_list":["post-22538","post","type-post","status-publish","format-standard","has-post-thumbnail","","category-olaylar-ve-gercekler","tag-teror-cetelerin-sivil-yerlesim-alanlarina-saldirilari-yine-masum-canlar-aldi-iller-muhtelif-adlandirmalar-altindaki-hain-ve-gaddar-teror-cetelerin-muhtelif-bolgelerde-sivil-yerlesim-alanlari"],"_links":{"self":[{"href":"https:\/\/archive.sana.sy\/tr\/index.php?rest_route=\/wp\/v2\/posts\/22538","targetHints":{"allow":["GET"]}}],"collection":[{"href":"https:\/\/archive.sana.sy\/tr\/index.php?rest_route=\/wp\/v2\/posts"}],"about":[{"href":"https:\/\/archive.sana.sy\/tr\/index.php?rest_route=\/wp\/v2\/types\/post"}],"author":[{"embeddable":true,"href":"https:\/\/archive.sana.sy\/tr\/index.php?rest_route=\/wp\/v2\/users\/1"}],"replies":[{"embeddable":true,"href":"https:\/\/archive.sana.sy\/tr\/index.php?rest_route=%2Fwp%2Fv2%2Fcomments&post=22538"}],"version-history":[{"count":0,"href":"https:\/\/archive.sana.sy\/tr\/index.php?rest_route=\/wp\/v2\/posts\/22538\/revisions"}],"wp:featuredmedia":[{"embeddable":true,"href":"https:\/\/archive.sana.sy\/tr\/index.php?rest_route=\/wp\/v2\/media\/22574"}],"wp:attachment":[{"href":"https:\/\/archive.sana.sy\/tr\/index.php?rest_route=%2Fwp%2Fv2%2Fmedia&parent=22538"}],"wp:term":[{"taxonomy":"category","embeddable":true,"href":"https:\/\/archive.sana.sy\/tr\/index.php?rest_route=%2Fwp%2Fv2%2Fcategories&post=22538"},{"taxonomy":"post_tag","embeddable":true,"href":"https:\/\/archive.sana.sy\/tr\/index.php?rest_route=%2Fwp%2Fv2%2Ftags&post=22538"}],"curies":[{"name":"wp","href":"https:\/\/api.w.org\/{rel}","templated":true}]}}