{"id":225402,"date":"2020-12-30T19:37:36","date_gmt":"2020-12-30T17:37:36","guid":{"rendered":"http:\/\/107.6.182.27\/tr\/?p=225402"},"modified":"2020-12-30T19:41:35","modified_gmt":"2020-12-30T17:41:35","slug":"sananin-deyrezzor-muhabiri-bugun-saat-1600-civarinda-deyrezzor-tedmur-karyolunda-bulunan-kabajeb-bolgesinde-sivil-ulastirma-otobusun-teror-saldirisina-maruz-kaldigi-sonucunda-28-sivil-vatan","status":"publish","type":"post","link":"https:\/\/archive.sana.sy\/tr\/?p=225402","title":{"rendered":"SANA\u2019n\u0131n Deyrezzor muhabiri: Bug\u00fcn saat 16:00 civar\u0131nda Deyrezzor-Tedmur karyolunda bulunan Kabajeb b\u00f6lgesinde sivil ula\u015ft\u0131rma otob\u00fcs\u00fcn ter\u00f6r sald\u0131r\u0131s\u0131na maruz kald\u0131\u011f\u0131 sonucunda 25 sivil vatanda\u015f \u015fehit ve 13 yaral\u0131 d\u00fc\u015ft\u00fc"},"content":{"rendered":"<p>SANA\u2019n\u0131n Deyrezzor muhabiri: Bug\u00fcn saat 16:00 civar\u0131nda Deyrezzor-Tedmur karyolunda bulunan Kabajeb b\u00f6lgesinde sivil ula\u015ft\u0131rma otob\u00fcs\u00fcn ter\u00f6r sald\u0131r\u0131s\u0131na maruz kald\u0131\u011f\u0131 sonucunda 25 sivil vatanda\u015f \u015fehit ve 13 yaral\u0131 d\u00fc\u015ft\u00fc<\/p>\n","protected":false},"excerpt":{"rendered":"<p>SANA\u2019n\u0131n Deyrezzor muhabiri: Bug\u00fcn saat 16:00 civar\u0131nda Deyrezzor-Tedmur karyolunda bulunan Kabajeb b\u00f6lgesinde sivil ula\u015ft\u0131rma otob\u00fcs\u00fcn ter\u00f6r sald\u0131r\u0131s\u0131na maruz kald\u0131\u011f\u0131 sonucunda 25 sivil vatanda\u015f \u015fehit ve 13 yaral\u0131 d\u00fc\u015ft\u00fc<\/p>\n","protected":false},"author":1,"featured_media":0,"comment_status":"closed","ping_status":"closed","sticky":false,"template":"","format":"standard","meta":{"footnotes":""},"categories":[17991],"tags":[],"class_list":["post-225402","post","type-post","status-publish","format-standard","","category-son-dakika"],"_links":{"self":[{"href":"https:\/\/archive.sana.sy\/tr\/index.php?rest_route=\/wp\/v2\/posts\/225402","targetHints":{"allow":["GET"]}}],"collection":[{"href":"https:\/\/archive.sana.sy\/tr\/index.php?rest_route=\/wp\/v2\/posts"}],"about":[{"href":"https:\/\/archive.sana.sy\/tr\/index.php?rest_route=\/wp\/v2\/types\/post"}],"author":[{"embeddable":true,"href":"https:\/\/archive.sana.sy\/tr\/index.php?rest_route=\/wp\/v2\/users\/1"}],"replies":[{"embeddable":true,"href":"https:\/\/archive.sana.sy\/tr\/index.php?rest_route=%2Fwp%2Fv2%2Fcomments&post=225402"}],"version-history":[{"count":0,"href":"https:\/\/archive.sana.sy\/tr\/index.php?rest_route=\/wp\/v2\/posts\/225402\/revisions"}],"wp:attachment":[{"href":"https:\/\/archive.sana.sy\/tr\/index.php?rest_route=%2Fwp%2Fv2%2Fmedia&parent=225402"}],"wp:term":[{"taxonomy":"category","embeddable":true,"href":"https:\/\/archive.sana.sy\/tr\/index.php?rest_route=%2Fwp%2Fv2%2Fcategories&post=225402"},{"taxonomy":"post_tag","embeddable":true,"href":"https:\/\/archive.sana.sy\/tr\/index.php?rest_route=%2Fwp%2Fv2%2Ftags&post=225402"}],"curies":[{"name":"wp","href":"https:\/\/api.w.org\/{rel}","templated":true}]}}