{"id":225457,"date":"2021-01-01T09:14:43","date_gmt":"2021-01-01T07:14:43","guid":{"rendered":"http:\/\/107.6.182.27\/tr\/?p=225457"},"modified":"2021-01-02T08:10:27","modified_gmt":"2021-01-02T06:10:27","slug":"el-gab-bolgesinde-1-vatandas-sehit-dustu","status":"publish","type":"post","link":"https:\/\/archive.sana.sy\/tr\/?p=225457","title":{"rendered":"El \u011eab B\u00f6lgesinde 1 Vatanda\u015f \u015eehit D\u00fc\u015ft\u00fc"},"content":{"rendered":"<p>HAMA \u2013 Hama k\u0131rsal\u0131nda yer alan el \u011eab b\u00f6lgesindeki el Barake k\u00f6y\u00fcn\u00fcn, ter\u00f6r \u00f6rg\u00fctleri taraf\u0131ndan hedef al\u0131nmas\u0131 sonucunda bir vatanda\u015f \u015fehit d\u00fc\u015ft\u00fc.<\/p>\n<p>\u0130l Emniyet M\u00fcd\u00fcrl\u00fc\u011f\u00fcnden bir kaynak SANA muhabirine yapt\u0131\u011f\u0131 a\u00e7\u0131klamada, \u0130dlib k\u0131rsal\u0131nda konu\u015flanan &#8220;Nusra Cephesi&#8221; ter\u00f6ristlerinin att\u0131\u011f\u0131 \u00e7ok say\u0131da f\u00fczenin Hama \u015fehrinin kuzeybat\u0131s\u0131nda yer alan el \u011eab b\u00f6lgesindeki el Barake k\u00f6y\u00fcnde halk\u0131n evlerine isabet ederek, 1 vatanda\u015f\u0131n \u015fehit d\u00fc\u015fmesine neden oldu\u011funu belirtti.<\/p>\n<p>\u00c7eviri: M.Y<\/p>\n","protected":false},"excerpt":{"rendered":"<p>HAMA \u2013 Hama k\u0131rsal\u0131nda yer alan el \u011eab b\u00f6lgesindeki el Barake k\u00f6y\u00fcn\u00fcn, ter\u00f6r \u00f6rg\u00fctleri taraf\u0131ndan hedef al\u0131nmas\u0131 sonucunda bir vatanda\u015f \u015fehit d\u00fc\u015ft\u00fc. \u0130l Emniyet M\u00fcd\u00fcrl\u00fc\u011f\u00fcnden bir kaynak SANA muhabirine yapt\u0131\u011f\u0131 a\u00e7\u0131klamada, \u0130dlib k\u0131rsal\u0131nda konu\u015flanan &#8220;Nusra Cephesi&#8221; ter\u00f6ristlerinin att\u0131\u011f\u0131 \u00e7ok say\u0131da f\u00fczenin Hama \u015fehrinin kuzeybat\u0131s\u0131nda yer alan el \u011eab b\u00f6lgesindeki el Barake k\u00f6y\u00fcnde halk\u0131n evlerine isabet &hellip;<\/p>\n","protected":false},"author":36,"featured_media":225458,"comment_status":"closed","ping_status":"closed","sticky":false,"template":"","format":"standard","meta":{"footnotes":""},"categories":[479,575,17988,478],"tags":[],"class_list":["post-225457","post","type-post","status-publish","format-standard","has-post-thumbnail","","category-haberler-yerel","category-olaylar-ve-gercekler","category-son-haberler","category-yerel"],"_links":{"self":[{"href":"https:\/\/archive.sana.sy\/tr\/index.php?rest_route=\/wp\/v2\/posts\/225457","targetHints":{"allow":["GET"]}}],"collection":[{"href":"https:\/\/archive.sana.sy\/tr\/index.php?rest_route=\/wp\/v2\/posts"}],"about":[{"href":"https:\/\/archive.sana.sy\/tr\/index.php?rest_route=\/wp\/v2\/types\/post"}],"author":[{"embeddable":true,"href":"https:\/\/archive.sana.sy\/tr\/index.php?rest_route=\/wp\/v2\/users\/36"}],"replies":[{"embeddable":true,"href":"https:\/\/archive.sana.sy\/tr\/index.php?rest_route=%2Fwp%2Fv2%2Fcomments&post=225457"}],"version-history":[{"count":0,"href":"https:\/\/archive.sana.sy\/tr\/index.php?rest_route=\/wp\/v2\/posts\/225457\/revisions"}],"wp:featuredmedia":[{"embeddable":true,"href":"https:\/\/archive.sana.sy\/tr\/index.php?rest_route=\/wp\/v2\/media\/225458"}],"wp:attachment":[{"href":"https:\/\/archive.sana.sy\/tr\/index.php?rest_route=%2Fwp%2Fv2%2Fmedia&parent=225457"}],"wp:term":[{"taxonomy":"category","embeddable":true,"href":"https:\/\/archive.sana.sy\/tr\/index.php?rest_route=%2Fwp%2Fv2%2Fcategories&post=225457"},{"taxonomy":"post_tag","embeddable":true,"href":"https:\/\/archive.sana.sy\/tr\/index.php?rest_route=%2Fwp%2Fv2%2Ftags&post=225457"}],"curies":[{"name":"wp","href":"https:\/\/api.w.org\/{rel}","templated":true}]}}