{"id":225566,"date":"2021-01-02T19:40:21","date_gmt":"2021-01-02T17:40:21","guid":{"rendered":"http:\/\/107.6.182.27\/tr\/?p=225566"},"modified":"2021-01-04T13:26:53","modified_gmt":"2021-01-04T11:26:53","slug":"turk-isgali-ve-kiraliklari-ayn-isa-kampina-ve-sayda-koyune-toplarla-saldirdi","status":"publish","type":"post","link":"https:\/\/archive.sana.sy\/tr\/?p=225566","title":{"rendered":"T\u00fcrk \u0130\u015fgali ve Kiral\u0131klar\u0131, Ayn \u0130sa Kamp\u0131na ve Sayda K\u00f6y\u00fcne Toplarla Sald\u0131rd\u0131"},"content":{"rendered":"<p>RAKKA &#8211; T\u00fcrk i\u015fgal g\u00fc\u00e7leri ve ter\u00f6r \u00f6rg\u00fctlerinden olu\u015fan kiral\u0131klar\u0131 Rakka&#8217;n\u0131n kuzey k\u0131rsal\u0131ndaki yerle\u015fim alanlar\u0131na sald\u0131rarak kamu ve \u00f6zel m\u00fclklere zarar verdi.<\/p>\n<p>Yerel kaynaklar SANA&#8217;ya a\u00e7\u0131klamalar\u0131nda, T\u00fcrk i\u015fgaline ait top\u00e7ular\u0131n ve ter\u00f6r \u00f6rg\u00fctlerinden kiral\u0131klar\u0131n, Rakka&#8217;n\u0131n kuzeyindeki M4 karayolu yak\u0131nlar\u0131ndaki Sayda k\u00f6y\u00fc ve Ayn \u0130sa kamp\u0131ndaki yerle\u015fim alanlar\u0131na a\u011f\u0131r top mermileriyle slad\u0131rd\u0131klar\u0131n\u0131 s\u00f6yledi.<\/p>\n<p>Kaynaklar, sald\u0131r\u0131lar\u0131n halk\u0131n mallar\u0131na, kamu mallar\u0131na ve tar\u0131m arazilerine maddi zarar verdi\u011fine dikkat \u00e7ekti.<\/p>\n","protected":false},"excerpt":{"rendered":"<p>RAKKA &#8211; T\u00fcrk i\u015fgal g\u00fc\u00e7leri ve ter\u00f6r \u00f6rg\u00fctlerinden olu\u015fan kiral\u0131klar\u0131 Rakka&#8217;n\u0131n kuzey k\u0131rsal\u0131ndaki yerle\u015fim alanlar\u0131na sald\u0131rarak kamu ve \u00f6zel m\u00fclklere zarar verdi. Yerel kaynaklar SANA&#8217;ya a\u00e7\u0131klamalar\u0131nda, T\u00fcrk i\u015fgaline ait top\u00e7ular\u0131n ve ter\u00f6r \u00f6rg\u00fctlerinden kiral\u0131klar\u0131n, Rakka&#8217;n\u0131n kuzeyindeki M4 karayolu yak\u0131nlar\u0131ndaki Sayda k\u00f6y\u00fc ve Ayn \u0130sa kamp\u0131ndaki yerle\u015fim alanlar\u0131na a\u011f\u0131r top mermileriyle slad\u0131rd\u0131klar\u0131n\u0131 s\u00f6yledi. Kaynaklar, sald\u0131r\u0131lar\u0131n halk\u0131n &hellip;<\/p>\n","protected":false},"author":1,"featured_media":225567,"comment_status":"closed","ping_status":"closed","sticky":false,"template":"","format":"standard","meta":{"footnotes":""},"categories":[479,575,17988,2554,2555,478],"tags":[],"class_list":["post-225566","post","type-post","status-publish","format-standard","has-post-thumbnail","","category-haberler-yerel","category-olaylar-ve-gercekler","category-son-haberler","category-suriye-ve-dunya","category-suriye-ve-turkiye","category-yerel"],"_links":{"self":[{"href":"https:\/\/archive.sana.sy\/tr\/index.php?rest_route=\/wp\/v2\/posts\/225566","targetHints":{"allow":["GET"]}}],"collection":[{"href":"https:\/\/archive.sana.sy\/tr\/index.php?rest_route=\/wp\/v2\/posts"}],"about":[{"href":"https:\/\/archive.sana.sy\/tr\/index.php?rest_route=\/wp\/v2\/types\/post"}],"author":[{"embeddable":true,"href":"https:\/\/archive.sana.sy\/tr\/index.php?rest_route=\/wp\/v2\/users\/1"}],"replies":[{"embeddable":true,"href":"https:\/\/archive.sana.sy\/tr\/index.php?rest_route=%2Fwp%2Fv2%2Fcomments&post=225566"}],"version-history":[{"count":0,"href":"https:\/\/archive.sana.sy\/tr\/index.php?rest_route=\/wp\/v2\/posts\/225566\/revisions"}],"wp:featuredmedia":[{"embeddable":true,"href":"https:\/\/archive.sana.sy\/tr\/index.php?rest_route=\/wp\/v2\/media\/225567"}],"wp:attachment":[{"href":"https:\/\/archive.sana.sy\/tr\/index.php?rest_route=%2Fwp%2Fv2%2Fmedia&parent=225566"}],"wp:term":[{"taxonomy":"category","embeddable":true,"href":"https:\/\/archive.sana.sy\/tr\/index.php?rest_route=%2Fwp%2Fv2%2Fcategories&post=225566"},{"taxonomy":"post_tag","embeddable":true,"href":"https:\/\/archive.sana.sy\/tr\/index.php?rest_route=%2Fwp%2Fv2%2Ftags&post=225566"}],"curies":[{"name":"wp","href":"https:\/\/api.w.org\/{rel}","templated":true}]}}