{"id":22583,"date":"2015-02-01T20:08:46","date_gmt":"2015-02-01T18:08:46","guid":{"rendered":"http:\/\/www.sana.sy\/tr\/?p=22583"},"modified":"2015-02-01T20:08:46","modified_gmt":"2015-02-01T18:08:46","slug":"ordu-birliklerimiz-deyrezzor-kirsalinin-mureyiye-koyunun-bir-bolumunu-isid-cetelerinden-temizleyip-kontrolune-aldi-saha-kaynaklari-catismalarda-oldukca-buyuk-sayida-isidlinin-olduruldugunu","status":"publish","type":"post","link":"https:\/\/archive.sana.sy\/tr\/?p=22583","title":{"rendered":"Ordu birliklerimiz Deyrezzor k\u0131rsal\u0131n\u0131n Mureyiye K\u00f6y\u00fcn\u00fcn bir b\u00f6l\u00fcm\u00fcn\u00fc I\u015e\u0130D \u00e7etelerinden temizleyip kontrol\u00fcne ald\u0131. Saha kaynaklar\u0131 \u00e7at\u0131\u015fmalarda olduk\u00e7a b\u00fcy\u00fck say\u0131da I\u015e\u0130D\u2019linin \u00f6ld\u00fcr\u00fcld\u00fc\u011f\u00fcn\u00fc, b\u00fcy\u00fck miktarda da silah ve m\u00fchimmata el koydu\u011funu belirtti. Kaynaklar operasyonlarda ayr\u0131ca a\u011f\u0131r makineli silahlarla donat\u0131lm\u0131\u015f 17\u2019den fazla arac\u0131n ta\u015f\u0131d\u0131klar\u0131 ter\u00f6rist ve cephaneyle birlikte imha edildi\u011fini aktard\u0131."},"content":{"rendered":"<p>Ordu birliklerimiz Deyrezzor k\u0131rsal\u0131n\u0131n Mureyiye K\u00f6y\u00fcn\u00fcn bir b\u00f6l\u00fcm\u00fcn\u00fc I\u015e\u0130D \u00e7etelerinden temizleyip kontrol\u00fcne ald\u0131. Saha kaynaklar\u0131 \u00e7at\u0131\u015fmalarda olduk\u00e7a b\u00fcy\u00fck say\u0131da I\u015e\u0130D\u2019linin \u00f6ld\u00fcr\u00fcld\u00fc\u011f\u00fcn\u00fc, b\u00fcy\u00fck miktarda da silah ve m\u00fchimmata el koydu\u011funu belirtti. Kaynaklar operasyonlarda ayr\u0131ca a\u011f\u0131r makineli silahlarla donat\u0131lm\u0131\u015f 17\u2019den fazla arac\u0131n ta\u015f\u0131d\u0131klar\u0131 ter\u00f6rist ve cephaneyle birlikte imha edildi\u011fini aktard\u0131.<\/p>\n","protected":false},"excerpt":{"rendered":"<p>Ordu birliklerimiz Deyrezzor k\u0131rsal\u0131n\u0131n Mureyiye K\u00f6y\u00fcn\u00fcn bir b\u00f6l\u00fcm\u00fcn\u00fc I\u015e\u0130D \u00e7etelerinden temizleyip kontrol\u00fcne ald\u0131. Saha kaynaklar\u0131 \u00e7at\u0131\u015fmalarda olduk\u00e7a b\u00fcy\u00fck say\u0131da I\u015e\u0130D\u2019linin \u00f6ld\u00fcr\u00fcld\u00fc\u011f\u00fcn\u00fc, b\u00fcy\u00fck miktarda da silah ve m\u00fchimmata el koydu\u011funu belirtti. Kaynaklar operasyonlarda ayr\u0131ca a\u011f\u0131r makineli silahlarla donat\u0131lm\u0131\u015f 17\u2019den fazla arac\u0131n ta\u015f\u0131d\u0131klar\u0131 ter\u00f6rist ve cephaneyle birlikte imha edildi\u011fini aktard\u0131.<\/p>\n","protected":false},"author":1,"featured_media":0,"comment_status":"closed","ping_status":"closed","sticky":false,"template":"","format":"standard","meta":{"footnotes":""},"categories":[1],"tags":[2494,2318,11065,2930],"class_list":["post-22583","post","type-post","status-publish","format-standard","","category-news-not-sorted","tag-deyrezzor","tag-isid","tag-ordu-briliklerimiz","tag-teroristler"],"_links":{"self":[{"href":"https:\/\/archive.sana.sy\/tr\/index.php?rest_route=\/wp\/v2\/posts\/22583","targetHints":{"allow":["GET"]}}],"collection":[{"href":"https:\/\/archive.sana.sy\/tr\/index.php?rest_route=\/wp\/v2\/posts"}],"about":[{"href":"https:\/\/archive.sana.sy\/tr\/index.php?rest_route=\/wp\/v2\/types\/post"}],"author":[{"embeddable":true,"href":"https:\/\/archive.sana.sy\/tr\/index.php?rest_route=\/wp\/v2\/users\/1"}],"replies":[{"embeddable":true,"href":"https:\/\/archive.sana.sy\/tr\/index.php?rest_route=%2Fwp%2Fv2%2Fcomments&post=22583"}],"version-history":[{"count":0,"href":"https:\/\/archive.sana.sy\/tr\/index.php?rest_route=\/wp\/v2\/posts\/22583\/revisions"}],"wp:attachment":[{"href":"https:\/\/archive.sana.sy\/tr\/index.php?rest_route=%2Fwp%2Fv2%2Fmedia&parent=22583"}],"wp:term":[{"taxonomy":"category","embeddable":true,"href":"https:\/\/archive.sana.sy\/tr\/index.php?rest_route=%2Fwp%2Fv2%2Fcategories&post=22583"},{"taxonomy":"post_tag","embeddable":true,"href":"https:\/\/archive.sana.sy\/tr\/index.php?rest_route=%2Fwp%2Fv2%2Ftags&post=22583"}],"curies":[{"name":"wp","href":"https:\/\/api.w.org\/{rel}","templated":true}]}}