{"id":22588,"date":"2015-02-01T23:25:49","date_gmt":"2015-02-01T21:25:49","guid":{"rendered":"http:\/\/www.sana.sy\/tr\/?p=22588"},"modified":"2015-02-02T17:18:19","modified_gmt":"2015-02-02T15:18:19","slug":"ordu-birliklerimiz-bircok-bolgeyi-teroristlerin-ablukasindan-kurtardilar","status":"publish","type":"post","link":"https:\/\/archive.sana.sy\/tr\/?p=22588","title":{"rendered":"Ordu Birliklerimiz Bir\u00e7ok B\u00f6lgeyi Ter\u00f6ristlerin Ablukas\u0131ndan Kurtard\u0131lar"},"content":{"rendered":"<p>\u0130LLER \u2013 \u00dclke genelinde devam eden ter\u00f6rle m\u00fccadele kapsam\u0131nda destans\u0131 kahramanl\u0131klar\u0131n\u0131 s\u00fcrd\u00fcren ordu birliklerimiz silahl\u0131 ter\u00f6r gruplar\u0131 taraf\u0131ndan abluka alt\u0131na al\u0131nm\u0131\u015f bir\u00e7ok k\u00f6y ve b\u00f6lgede \u00fcst\u00fcnl\u00fck sa\u011flayarak kontrol\u00fc ele ge\u00e7irmeyi ba\u015fard\u0131lar.<\/p>\n<p><span style=\"color: #0000ff\">Deyrezzor K\u0131rsal\u0131nda Bir\u00e7ok B\u00f6lgede I\u015e\u0130D\u2019li Ter\u00f6r Gruplar\u0131 Bertaraf Edildi<\/span><\/p>\n<p>Ordu birliklerimiz Deyrezzor k\u0131rsal\u0131n\u0131n Mureyiye K\u00f6y\u00fcn\u00fcn bir b\u00f6l\u00fcm\u00fcn\u00fc I\u015e\u0130D ter\u00f6ristlerinin ablukas\u0131ndan kurtard\u0131lar.<\/p>\n<p>Saha kaynaklar\u0131 b\u00f6lgede meydana gelen \u00e7at\u0131\u015fmalarda olduk\u00e7a b\u00fcy\u00fck say\u0131da I\u015e\u0130D\u2019linin \u00f6ld\u00fcr\u00fcld\u00fc\u011f\u00fcn\u00fc, b\u00fcy\u00fck miktarda da silah ve m\u00fchimmata el koydu\u011funu ifade ederek el Serda, Huveycat el Sakir b\u00f6lgelerinde sald\u0131r\u0131 d\u00fczenleyen I\u015e\u0130D\u2019li gruplar\u0131n bertaraf edildi\u011fini ve Deyrezzor Kentine 10 km mesafede bulunan Mureyiye K\u00f6y\u00fcn\u00fcn b\u00fcy\u00fck bir b\u00f6l\u00fcm\u00fcn\u00fcn ter\u00f6ristlerden temizlendi\u011fini belirtti.<\/p>\n<p>Kaynaklar operasyonlar kapsam\u0131nda ter\u00f6ristlere ait a\u011f\u0131r makineli silahlarla donat\u0131lm\u0131\u015f 17\u2019den fazla arac\u0131n ta\u015f\u0131d\u0131klar\u0131 ter\u00f6rist ve cephaneyle birlikte imha edildi\u011fini aktard\u0131.<\/p>\n<p><span style=\"color: #0000ff\">Haseke K\u0131rsal\u0131nda Ordu Kontrol\u00fc Alt\u0131ndaki B\u00f6lgeleri Geni\u015fletiyor<\/span><\/p>\n<p>Ordu birliklerimiz Haseke\u00a0 ilimizin do\u011fu k\u0131rsal\u0131nda daha \u00f6ncesinde ter\u00f6ristlerin ablukas\u0131 alt\u0131nda bulunan Red el \u015eakra, Ho\u015ffat, el Masul, Davudiye ve Ebu Saad Tar\u0131m Arazilerinde d\u00fczenledikleri geni\u015f kapsaml\u0131 operasyonlar sonucunda bu b\u00f6lgelerde kontrol\u00fc sa\u011flad\u0131klar.<\/p>\n<p>B\u00f6lgede bulunan SANA muhabiri ordu birliklerimizin kontrol\u00fc ele ge\u00e7irdikleri b\u00f6lgelerde askeri tefti\u015f noktalar\u0131 ve b\u00f6lge sakinlerinin g\u00fcvenli\u011fini sa\u011flamak \u00fczere g\u00fcvenlik merkezleri kurduklar\u0131n\u0131 ifade etti.<\/p>\n<p><span style=\"color: #0000ff\">\u015eam K\u0131rsal\u0131nda Muder ve Saruhiye\u2019de Ordu Kontrol\u00fc Alt\u0131ndaki \u00c7emberi Geni\u015fletiyor<\/span><\/p>\n<p>\u015eam K\u0131rsal\u0131 Saha Yetkilileri Ordu birliklerimiz \u015eam K\u0131rsal\u0131n\u0131n Zabadani b\u00f6lgesi ve \u00e7evresindeki tepelerde bulunan b\u00fct\u00fcn ter\u00f6r yuvalar\u0131n\u0131 yok ederek ter\u00f6r gruplar\u0131n\u0131n t\u00fcm\u00fcn\u00fc b\u00f6lgeden temizlediklerini ve burada kontrol\u00fc ele ge\u00e7irdiklerini a\u00e7\u0131klad\u0131lar.<\/p>\n<p>Ayr\u0131ca yetkili kaynaklar ordu birliklerimizin \u015eam K\u0131rsal\u0131nda Kfeyr Yabus b\u00f6lgesinin kuzey kesiminde Muder Beldesinde ve el Saruhiye\u2019de kimi b\u00f6lgelerde bulunan \u201cNusra Cephesi\u201d ve \u201cAhrar el \u015eam\u201d isimli ter\u00f6r \u00f6rg\u00fctlerine ba\u011fl\u0131 ter\u00f6r gruplar\u0131n\u0131n bertaraf ettiklerini dile getirdi.<\/p>\n<p><span style=\"color: #0000ff\">\u0130dlib K\u0131rsal\u0131nda Ter\u00f6r Saflar\u0131 Kay\u0131p Vermeye Devam Ediyor<\/span><\/p>\n<p>Ordu birliklerimiz \u0130dlib K\u0131rsal\u0131n\u0131n Cebel el Zevaya ve Cisrel\u015fu\u011fur b\u00f6lgelerinde s\u00fcrd\u00fcrd\u00fckleri operasyonlar kapsam\u0131nda silahl\u0131 ter\u00f6r gruplar\u0131na b\u00fcy\u00fck kay\u0131plar verdirerek \u00e7ok say\u0131da ter\u00f6risti \u00f6l\u00fc ve yaral\u0131 olarak ele ge\u00e7irdiler.<\/p>\n<p>Ayr\u0131ca Dera ve Homs k\u0131rsallar\u0131nda s\u00fcren operasyonlarda da ordu birliklerimiz silahl\u0131 ter\u00f6r gruplar\u0131na kar\u015f\u0131 \u00fcst\u00fcnl\u00fcklerini b\u00fcy\u00fcterek ter\u00f6ristlere ait silah depolar\u0131, ara\u00e7 ve m\u00fchimmatlar\u0131 imha etmekle birlikte \u00e7ok say\u0131da ter\u00f6risti \u00f6l\u00fc ve yaral\u0131 olarak ele ge\u00e7irdiler.<\/p>\n<p>F.B. &#8211; A.A.<\/p>\n","protected":false},"excerpt":{"rendered":"<p>\u0130LLER \u2013 \u00dclke genelinde devam eden ter\u00f6rle m\u00fccadele kapsam\u0131nda destans\u0131 kahramanl\u0131klar\u0131n\u0131 s\u00fcrd\u00fcren ordu birliklerimiz silahl\u0131 ter\u00f6r gruplar\u0131 taraf\u0131ndan abluka alt\u0131na al\u0131nm\u0131\u015f bir\u00e7ok k\u00f6y ve b\u00f6lgede \u00fcst\u00fcnl\u00fck sa\u011flayarak kontrol\u00fc ele ge\u00e7irmeyi ba\u015fard\u0131lar. Deyrezzor K\u0131rsal\u0131nda Bir\u00e7ok B\u00f6lgede I\u015e\u0130D\u2019li Ter\u00f6r Gruplar\u0131 Bertaraf Edildi Ordu birliklerimiz Deyrezzor k\u0131rsal\u0131n\u0131n Mureyiye K\u00f6y\u00fcn\u00fcn bir b\u00f6l\u00fcm\u00fcn\u00fc I\u015e\u0130D ter\u00f6ristlerinin ablukas\u0131ndan kurtard\u0131lar. Saha kaynaklar\u0131 b\u00f6lgede &hellip;<\/p>\n","protected":false},"author":1,"featured_media":22589,"comment_status":"closed","ping_status":"closed","sticky":false,"template":"","format":"standard","meta":{"footnotes":""},"categories":[575],"tags":[11068],"class_list":["post-22588","post","type-post","status-publish","format-standard","has-post-thumbnail","","category-olaylar-ve-gercekler","tag-ordu-birliklerimiz-bircok-bolgeyi-teroristlerin-ablukasindan-kurtardilar-iller-ulke-genelinde-devam-eden-terorle-mucadele-kapsaminda-destansi-kahramanliklarini-surduren-ordu-birliklerimiz-si"],"_links":{"self":[{"href":"https:\/\/archive.sana.sy\/tr\/index.php?rest_route=\/wp\/v2\/posts\/22588","targetHints":{"allow":["GET"]}}],"collection":[{"href":"https:\/\/archive.sana.sy\/tr\/index.php?rest_route=\/wp\/v2\/posts"}],"about":[{"href":"https:\/\/archive.sana.sy\/tr\/index.php?rest_route=\/wp\/v2\/types\/post"}],"author":[{"embeddable":true,"href":"https:\/\/archive.sana.sy\/tr\/index.php?rest_route=\/wp\/v2\/users\/1"}],"replies":[{"embeddable":true,"href":"https:\/\/archive.sana.sy\/tr\/index.php?rest_route=%2Fwp%2Fv2%2Fcomments&post=22588"}],"version-history":[{"count":0,"href":"https:\/\/archive.sana.sy\/tr\/index.php?rest_route=\/wp\/v2\/posts\/22588\/revisions"}],"wp:featuredmedia":[{"embeddable":true,"href":"https:\/\/archive.sana.sy\/tr\/index.php?rest_route=\/wp\/v2\/media\/22589"}],"wp:attachment":[{"href":"https:\/\/archive.sana.sy\/tr\/index.php?rest_route=%2Fwp%2Fv2%2Fmedia&parent=22588"}],"wp:term":[{"taxonomy":"category","embeddable":true,"href":"https:\/\/archive.sana.sy\/tr\/index.php?rest_route=%2Fwp%2Fv2%2Fcategories&post=22588"},{"taxonomy":"post_tag","embeddable":true,"href":"https:\/\/archive.sana.sy\/tr\/index.php?rest_route=%2Fwp%2Fv2%2Ftags&post=22588"}],"curies":[{"name":"wp","href":"https:\/\/api.w.org\/{rel}","templated":true}]}}