{"id":226227,"date":"2021-01-12T16:26:20","date_gmt":"2021-01-12T14:26:20","guid":{"rendered":"http:\/\/107.6.182.27\/tr\/?p=226227"},"modified":"2021-01-13T17:03:00","modified_gmt":"2021-01-13T15:03:00","slug":"turk-isgalinin-kiraliklari-rasul-aynda-bircok-magazalara-el-koydu","status":"publish","type":"post","link":"https:\/\/archive.sana.sy\/tr\/?p=226227","title":{"rendered":"T\u00fcrk \u0130\u015fgalinin Kiral\u0131klar\u0131 Rasul Ayn&#8217;da Bir\u00e7ok Ma\u011fazalara El Koydu"},"content":{"rendered":"<p>HASEKE \u2013 \u0130\u015fgalci T\u00fcrk g\u00fc\u00e7lerinin ter\u00f6r \u00f6rg\u00fctlerinden olu\u015fan kiral\u0131klar\u0131 Haseke k\u0131rsal\u0131nda i\u015fgal ettikleri b\u00f6lgelerin ahalilerine kar\u015f\u0131 su\u00e7lu uygulamalar\u0131na devam ederek bir\u00e7ok ticari ma\u011fazalara el koyup cephane deposuna \u00e7evirdi.<\/p>\n<p>Yerel kaynaklar SANA muhabirine; T\u00fcrk i\u015fgalinin \u00e7etelerinin ge\u00e7en g\u00fcnlerde Haseke k\u0131rsal\u0131ndaki i\u015fgal alt\u0131nda olan Rasul Ayn \u015fehrinde bir\u00e7ok mal sahiplerinin ticari ma\u011fazalar\u0131na zorla el koyop i\u00e7erdeki e\u015fyalar\u0131 ya\u011fmalad\u0131ktan sorna cephane deposuna \u00e7evirdiklerini belirtti.<\/p>\n<p>Kaynaklar, bu t\u00fcr su\u00e7 uygulamalar\u0131n\u0131n, insanlar\u0131 evlerinden, d\u00fckkanlar\u0131ndan ve \u015fehir d\u0131\u015f\u0131na \u00e7\u0131karmak amac\u0131yla T\u00fcrk silah t\u00fcccarlar\u0131 ile i\u015fbirli\u011fi i\u00e7inde ve T\u00fcrk i\u015fgal g\u00fc\u00e7lerinin himayesi alt\u0131nda, \u00f6zellikle Rasul Ayn k\u0131rsal\u0131nda olmak \u00fczere son zamanlarda bir\u00e7ok b\u00f6lgede tekrarland\u0131\u011f\u0131na dikkat \u00e7ekti.<\/p>\n<p>P.M.<\/p>\n","protected":false},"excerpt":{"rendered":"<p>HASEKE \u2013 \u0130\u015fgalci T\u00fcrk g\u00fc\u00e7lerinin ter\u00f6r \u00f6rg\u00fctlerinden olu\u015fan kiral\u0131klar\u0131 Haseke k\u0131rsal\u0131nda i\u015fgal ettikleri b\u00f6lgelerin ahalilerine kar\u015f\u0131 su\u00e7lu uygulamalar\u0131na devam ederek bir\u00e7ok ticari ma\u011fazalara el koyup cephane deposuna \u00e7evirdi. Yerel kaynaklar SANA muhabirine; T\u00fcrk i\u015fgalinin \u00e7etelerinin ge\u00e7en g\u00fcnlerde Haseke k\u0131rsal\u0131ndaki i\u015fgal alt\u0131nda olan Rasul Ayn \u015fehrinde bir\u00e7ok mal sahiplerinin ticari ma\u011fazalar\u0131na zorla el koyop i\u00e7erdeki e\u015fyalar\u0131 &hellip;<\/p>\n","protected":false},"author":1,"featured_media":226228,"comment_status":"closed","ping_status":"closed","sticky":false,"template":"","format":"standard","meta":{"footnotes":""},"categories":[479,575,17988,2554,2555,478],"tags":[],"class_list":["post-226227","post","type-post","status-publish","format-standard","has-post-thumbnail","","category-haberler-yerel","category-olaylar-ve-gercekler","category-son-haberler","category-suriye-ve-dunya","category-suriye-ve-turkiye","category-yerel"],"_links":{"self":[{"href":"https:\/\/archive.sana.sy\/tr\/index.php?rest_route=\/wp\/v2\/posts\/226227","targetHints":{"allow":["GET"]}}],"collection":[{"href":"https:\/\/archive.sana.sy\/tr\/index.php?rest_route=\/wp\/v2\/posts"}],"about":[{"href":"https:\/\/archive.sana.sy\/tr\/index.php?rest_route=\/wp\/v2\/types\/post"}],"author":[{"embeddable":true,"href":"https:\/\/archive.sana.sy\/tr\/index.php?rest_route=\/wp\/v2\/users\/1"}],"replies":[{"embeddable":true,"href":"https:\/\/archive.sana.sy\/tr\/index.php?rest_route=%2Fwp%2Fv2%2Fcomments&post=226227"}],"version-history":[{"count":0,"href":"https:\/\/archive.sana.sy\/tr\/index.php?rest_route=\/wp\/v2\/posts\/226227\/revisions"}],"wp:featuredmedia":[{"embeddable":true,"href":"https:\/\/archive.sana.sy\/tr\/index.php?rest_route=\/wp\/v2\/media\/226228"}],"wp:attachment":[{"href":"https:\/\/archive.sana.sy\/tr\/index.php?rest_route=%2Fwp%2Fv2%2Fmedia&parent=226227"}],"wp:term":[{"taxonomy":"category","embeddable":true,"href":"https:\/\/archive.sana.sy\/tr\/index.php?rest_route=%2Fwp%2Fv2%2Fcategories&post=226227"},{"taxonomy":"post_tag","embeddable":true,"href":"https:\/\/archive.sana.sy\/tr\/index.php?rest_route=%2Fwp%2Fv2%2Ftags&post=226227"}],"curies":[{"name":"wp","href":"https:\/\/api.w.org\/{rel}","templated":true}]}}