{"id":226285,"date":"2021-01-13T09:05:48","date_gmt":"2021-01-13T07:05:48","guid":{"rendered":"http:\/\/107.6.182.27\/tr\/?p=226285"},"modified":"2021-01-14T08:17:10","modified_gmt":"2021-01-14T06:17:10","slug":"israil-isgal-gucleri-gazzenin-guneyine-girip-bazi-tarim-alanlari-yikti","status":"publish","type":"post","link":"https:\/\/archive.sana.sy\/tr\/?p=226285","title":{"rendered":"\u0130srail \u0130\u015fgal G\u00fc\u00e7leri Gazze&#8217;nin G\u00fcneyine Girip Baz\u0131 Tar\u0131m Alanlar\u0131 Y\u0131kt\u0131"},"content":{"rendered":"<p>\u0130\u015eGAL ALTINDAK\u0130 KUD\u00dcS \u2013 \u0130srail i\u015fgal g\u00fc\u00e7leri bug\u00fcn ku\u015fat\u0131lm\u0131\u015f Gazze Yakas\u0131n\u0131n g\u00fcneyine girip Filistin topraklar\u0131ndan alanlar\u0131 buldozerle y\u0131kt\u0131.<\/p>\n<p>Wafa haber ajans\u0131, i\u015fgalin birka\u00e7 askeri arac\u0131n\u0131n Gazze Yakas\u0131n\u0131n g\u00fcneyindeki Han Yunis&#8217;in do\u011fusunda bulunan Filistin tar\u0131m alanlar\u0131na girdi\u011fini ve buldozerle y\u0131kt\u0131\u011f\u0131n\u0131 bildirdi.<\/p>\n<p>P.M.<\/p>\n","protected":false},"excerpt":{"rendered":"<p>\u0130\u015eGAL ALTINDAK\u0130 KUD\u00dcS \u2013 \u0130srail i\u015fgal g\u00fc\u00e7leri bug\u00fcn ku\u015fat\u0131lm\u0131\u015f Gazze Yakas\u0131n\u0131n g\u00fcneyine girip Filistin topraklar\u0131ndan alanlar\u0131 buldozerle y\u0131kt\u0131. Wafa haber ajans\u0131, i\u015fgalin birka\u00e7 askeri arac\u0131n\u0131n Gazze Yakas\u0131n\u0131n g\u00fcneyindeki Han Yunis&#8217;in do\u011fusunda bulunan Filistin tar\u0131m alanlar\u0131na girdi\u011fini ve buldozerle y\u0131kt\u0131\u011f\u0131n\u0131 bildirdi. P.M.<\/p>\n","protected":false},"author":1,"featured_media":226288,"comment_status":"closed","ping_status":"closed","sticky":false,"template":"","format":"standard","meta":{"footnotes":""},"categories":[458,459,17988],"tags":[],"class_list":["post-226285","post","type-post","status-publish","format-standard","has-post-thumbnail","","category-dunya1","category-haberler-arap-uluslararasi-politika","category-son-haberler"],"_links":{"self":[{"href":"https:\/\/archive.sana.sy\/tr\/index.php?rest_route=\/wp\/v2\/posts\/226285","targetHints":{"allow":["GET"]}}],"collection":[{"href":"https:\/\/archive.sana.sy\/tr\/index.php?rest_route=\/wp\/v2\/posts"}],"about":[{"href":"https:\/\/archive.sana.sy\/tr\/index.php?rest_route=\/wp\/v2\/types\/post"}],"author":[{"embeddable":true,"href":"https:\/\/archive.sana.sy\/tr\/index.php?rest_route=\/wp\/v2\/users\/1"}],"replies":[{"embeddable":true,"href":"https:\/\/archive.sana.sy\/tr\/index.php?rest_route=%2Fwp%2Fv2%2Fcomments&post=226285"}],"version-history":[{"count":0,"href":"https:\/\/archive.sana.sy\/tr\/index.php?rest_route=\/wp\/v2\/posts\/226285\/revisions"}],"wp:featuredmedia":[{"embeddable":true,"href":"https:\/\/archive.sana.sy\/tr\/index.php?rest_route=\/wp\/v2\/media\/226288"}],"wp:attachment":[{"href":"https:\/\/archive.sana.sy\/tr\/index.php?rest_route=%2Fwp%2Fv2%2Fmedia&parent=226285"}],"wp:term":[{"taxonomy":"category","embeddable":true,"href":"https:\/\/archive.sana.sy\/tr\/index.php?rest_route=%2Fwp%2Fv2%2Fcategories&post=226285"},{"taxonomy":"post_tag","embeddable":true,"href":"https:\/\/archive.sana.sy\/tr\/index.php?rest_route=%2Fwp%2Fv2%2Ftags&post=226285"}],"curies":[{"name":"wp","href":"https:\/\/api.w.org\/{rel}","templated":true}]}}