{"id":226329,"date":"2021-01-14T16:47:14","date_gmt":"2021-01-14T14:47:14","guid":{"rendered":"http:\/\/107.6.182.27\/tr\/?p=226329"},"modified":"2021-01-15T13:42:01","modified_gmt":"2021-01-15T11:42:01","slug":"dsg-milisleri-el-seddadi-sehrinde-ogretmenler-kacirdi","status":"publish","type":"post","link":"https:\/\/archive.sana.sy\/tr\/?p=226329","title":{"rendered":"DSG Milisleri El \u015eeddadi \u015eehrinde Birka\u00e7 \u00d6\u011fretmeni Ka\u00e7\u0131rd\u0131"},"content":{"rendered":"<p>HASEKE \u2013 Amerikan i\u015fgalinden destekli DSG milisleri Haseke\u2019nin g\u00fcneyinde bulunan el \u015eeddadi \u015eehrinde birka\u00e7 \u00f6\u011fretmenleri ka\u00e7\u0131rd\u0131.<\/p>\n<p>Yerel kaynaklar SANA muhabirine; DSG milislerinin el \u015eeddadi \u015fehrinin i\u00e7inde kontrol noktalar\u0131 kurduklar\u0131n\u0131 ve baz\u0131 semtlerde bask\u0131nlar ger\u00e7ekle\u015ftirerek bir adet \u00f6\u011fretmenleri ka\u00e7\u0131r\u0131p zorla askere alma amac\u0131yla askeri e\u011fitim kamplar\u0131na g\u00f6t\u00fcrd\u00fcklerini belirtti.<\/p>\n<p>\u00d6te yandan DSG milisleri, Haseke\u2019nin g\u00fcneyindeki el Tarikiye k\u00f6y\u00fcnde yine bask\u0131nlar d\u00fczenleyip k\u00f6y sakinlerinin birini ka\u00e7\u0131r\u0131p bilinmeyen y\u00f6ne g\u00f6t\u00fcrd\u00fc.<\/p>\n<p>P.M.<\/p>\n","protected":false},"excerpt":{"rendered":"<p>HASEKE \u2013 Amerikan i\u015fgalinden destekli DSG milisleri Haseke\u2019nin g\u00fcneyinde bulunan el \u015eeddadi \u015eehrinde birka\u00e7 \u00f6\u011fretmenleri ka\u00e7\u0131rd\u0131. Yerel kaynaklar SANA muhabirine; DSG milislerinin el \u015eeddadi \u015fehrinin i\u00e7inde kontrol noktalar\u0131 kurduklar\u0131n\u0131 ve baz\u0131 semtlerde bask\u0131nlar ger\u00e7ekle\u015ftirerek bir adet \u00f6\u011fretmenleri ka\u00e7\u0131r\u0131p zorla askere alma amac\u0131yla askeri e\u011fitim kamplar\u0131na g\u00f6t\u00fcrd\u00fcklerini belirtti. \u00d6te yandan DSG milisleri, Haseke\u2019nin g\u00fcneyindeki el Tarikiye &hellip;<\/p>\n","protected":false},"author":1,"featured_media":226330,"comment_status":"closed","ping_status":"closed","sticky":false,"template":"","format":"standard","meta":{"footnotes":""},"categories":[479,575,17988,478],"tags":[],"class_list":["post-226329","post","type-post","status-publish","format-standard","has-post-thumbnail","","category-haberler-yerel","category-olaylar-ve-gercekler","category-son-haberler","category-yerel"],"_links":{"self":[{"href":"https:\/\/archive.sana.sy\/tr\/index.php?rest_route=\/wp\/v2\/posts\/226329","targetHints":{"allow":["GET"]}}],"collection":[{"href":"https:\/\/archive.sana.sy\/tr\/index.php?rest_route=\/wp\/v2\/posts"}],"about":[{"href":"https:\/\/archive.sana.sy\/tr\/index.php?rest_route=\/wp\/v2\/types\/post"}],"author":[{"embeddable":true,"href":"https:\/\/archive.sana.sy\/tr\/index.php?rest_route=\/wp\/v2\/users\/1"}],"replies":[{"embeddable":true,"href":"https:\/\/archive.sana.sy\/tr\/index.php?rest_route=%2Fwp%2Fv2%2Fcomments&post=226329"}],"version-history":[{"count":0,"href":"https:\/\/archive.sana.sy\/tr\/index.php?rest_route=\/wp\/v2\/posts\/226329\/revisions"}],"wp:featuredmedia":[{"embeddable":true,"href":"https:\/\/archive.sana.sy\/tr\/index.php?rest_route=\/wp\/v2\/media\/226330"}],"wp:attachment":[{"href":"https:\/\/archive.sana.sy\/tr\/index.php?rest_route=%2Fwp%2Fv2%2Fmedia&parent=226329"}],"wp:term":[{"taxonomy":"category","embeddable":true,"href":"https:\/\/archive.sana.sy\/tr\/index.php?rest_route=%2Fwp%2Fv2%2Fcategories&post=226329"},{"taxonomy":"post_tag","embeddable":true,"href":"https:\/\/archive.sana.sy\/tr\/index.php?rest_route=%2Fwp%2Fv2%2Ftags&post=226329"}],"curies":[{"name":"wp","href":"https:\/\/api.w.org\/{rel}","templated":true}]}}