{"id":226514,"date":"2021-01-17T09:04:51","date_gmt":"2021-01-17T07:04:51","guid":{"rendered":"http:\/\/107.6.182.27\/tr\/?p=226514"},"modified":"2021-02-16T08:47:29","modified_gmt":"2021-02-16T06:47:29","slug":"kunaytra-kirsalinda-bir-mayin-patladi-2-cocok-yaralandi","status":"publish","type":"post","link":"https:\/\/archive.sana.sy\/tr\/?p=226514","title":{"rendered":"Kunaytra K\u0131rsal\u0131nda Bir May\u0131n Patlad\u0131, 2 \u00c7ocuk Yaraland\u0131"},"content":{"rendered":"<p>KUNAYTRA \u2013 kunaytra k\u0131rsal\u0131nda yer alan Ceba k\u00f6y\u00fc yak\u0131nlar\u0131nda, ter\u00f6r gruplar\u0131ndan kalan bir may\u0131n\u0131n patlamas\u0131 sonucunda 2 \u00e7ocuk yaraland\u0131.<\/p>\n<p>Kunaytra&#8217;daki Mamduh Abaza Hastanesi M\u00fcd\u00fcr\u00fc Dr. Vissam Mawardi SANA muhabirine yapt\u0131\u011f\u0131 a\u00e7\u0131klamada, iki \u00e7ocu\u011fun yaralanmas\u0131n\u0131n orta derecede ve durumlar\u0131n\u0131n stabil oldu\u011funu belirtti.<\/p>\n<p>\u00c7eviri: M.Y<\/p>\n","protected":false},"excerpt":{"rendered":"<p>KUNAYTRA \u2013 kunaytra k\u0131rsal\u0131nda yer alan Ceba k\u00f6y\u00fc yak\u0131nlar\u0131nda, ter\u00f6r gruplar\u0131ndan kalan bir may\u0131n\u0131n patlamas\u0131 sonucunda 2 \u00e7ocuk yaraland\u0131. Kunaytra&#8217;daki Mamduh Abaza Hastanesi M\u00fcd\u00fcr\u00fc Dr. Vissam Mawardi SANA muhabirine yapt\u0131\u011f\u0131 a\u00e7\u0131klamada, iki \u00e7ocu\u011fun yaralanmas\u0131n\u0131n orta derecede ve durumlar\u0131n\u0131n stabil oldu\u011funu belirtti. \u00c7eviri: M.Y<\/p>\n","protected":false},"author":36,"featured_media":226515,"comment_status":"closed","ping_status":"closed","sticky":false,"template":"","format":"standard","meta":{"footnotes":""},"categories":[479,575,17988,478],"tags":[],"class_list":["post-226514","post","type-post","status-publish","format-standard","has-post-thumbnail","","category-haberler-yerel","category-olaylar-ve-gercekler","category-son-haberler","category-yerel"],"_links":{"self":[{"href":"https:\/\/archive.sana.sy\/tr\/index.php?rest_route=\/wp\/v2\/posts\/226514","targetHints":{"allow":["GET"]}}],"collection":[{"href":"https:\/\/archive.sana.sy\/tr\/index.php?rest_route=\/wp\/v2\/posts"}],"about":[{"href":"https:\/\/archive.sana.sy\/tr\/index.php?rest_route=\/wp\/v2\/types\/post"}],"author":[{"embeddable":true,"href":"https:\/\/archive.sana.sy\/tr\/index.php?rest_route=\/wp\/v2\/users\/36"}],"replies":[{"embeddable":true,"href":"https:\/\/archive.sana.sy\/tr\/index.php?rest_route=%2Fwp%2Fv2%2Fcomments&post=226514"}],"version-history":[{"count":0,"href":"https:\/\/archive.sana.sy\/tr\/index.php?rest_route=\/wp\/v2\/posts\/226514\/revisions"}],"wp:featuredmedia":[{"embeddable":true,"href":"https:\/\/archive.sana.sy\/tr\/index.php?rest_route=\/wp\/v2\/media\/226515"}],"wp:attachment":[{"href":"https:\/\/archive.sana.sy\/tr\/index.php?rest_route=%2Fwp%2Fv2%2Fmedia&parent=226514"}],"wp:term":[{"taxonomy":"category","embeddable":true,"href":"https:\/\/archive.sana.sy\/tr\/index.php?rest_route=%2Fwp%2Fv2%2Fcategories&post=226514"},{"taxonomy":"post_tag","embeddable":true,"href":"https:\/\/archive.sana.sy\/tr\/index.php?rest_route=%2Fwp%2Fv2%2Ftags&post=226514"}],"curies":[{"name":"wp","href":"https:\/\/api.w.org\/{rel}","templated":true}]}}