{"id":226517,"date":"2021-01-17T09:21:10","date_gmt":"2021-01-17T07:21:10","guid":{"rendered":"http:\/\/107.6.182.27\/tr\/?p=226517"},"modified":"2021-01-18T13:05:36","modified_gmt":"2021-01-18T11:05:36","slug":"isgalci-turk-guclerinin-kiraliklari-mirekiz-koyunden-8-sivili-kacirdi","status":"publish","type":"post","link":"https:\/\/archive.sana.sy\/tr\/?p=226517","title":{"rendered":"\u0130\u015fgalci T\u00fcrk G\u00fc\u00e7lerinin Kiral\u0131klar\u0131, Mirekiz K\u00f6y\u00fcnden 8 Sivili Ka\u00e7\u0131rd\u0131"},"content":{"rendered":"<p>HASEKE \u2013 \u0130\u015fgalci T\u00fcrk g\u00fc\u00e7lerinin kiral\u0131klar\u0131, Haseke \u015fehrinin kuzeypat\u0131s\u0131nda yer alan Rasul Ayn k\u0131rsal\u0131ndaki Mirekiz k\u00f6y\u00fcnden birka\u00e7 sivili ka\u00e7\u0131rd\u0131.<\/p>\n<p>Yerel kaynaklar SANA&#8217;ya, i\u015fgalci T\u00fcrk g\u00fc\u00e7lerinin kiral\u0131klar\u0131ndan &#8220;Hamza T\u00fcmeni&#8221; adl\u0131 ter\u00f6r grublar\u0131n\u0131n, Haseke&#8217;nin kuzeybat\u0131s\u0131nda yer alan Rasul Ayn k\u0131rsal\u0131ndaki Mirekiz k\u00f6y\u00fcne bask\u0131n d\u00fczenledi\u011fini belirtirken, 8 sivili ka\u00e7\u0131rd\u0131\u011f\u0131na i\u015faret etti.<\/p>\n<p>\u00c7eviri: M.Y<\/p>\n","protected":false},"excerpt":{"rendered":"<p>HASEKE \u2013 \u0130\u015fgalci T\u00fcrk g\u00fc\u00e7lerinin kiral\u0131klar\u0131, Haseke \u015fehrinin kuzeypat\u0131s\u0131nda yer alan Rasul Ayn k\u0131rsal\u0131ndaki Mirekiz k\u00f6y\u00fcnden birka\u00e7 sivili ka\u00e7\u0131rd\u0131. Yerel kaynaklar SANA&#8217;ya, i\u015fgalci T\u00fcrk g\u00fc\u00e7lerinin kiral\u0131klar\u0131ndan &#8220;Hamza T\u00fcmeni&#8221; adl\u0131 ter\u00f6r grublar\u0131n\u0131n, Haseke&#8217;nin kuzeybat\u0131s\u0131nda yer alan Rasul Ayn k\u0131rsal\u0131ndaki Mirekiz k\u00f6y\u00fcne bask\u0131n d\u00fczenledi\u011fini belirtirken, 8 sivili ka\u00e7\u0131rd\u0131\u011f\u0131na i\u015faret etti. \u00c7eviri: M.Y<\/p>\n","protected":false},"author":36,"featured_media":226518,"comment_status":"closed","ping_status":"closed","sticky":false,"template":"","format":"standard","meta":{"footnotes":""},"categories":[479,575,17988,2554,2555,478],"tags":[],"class_list":["post-226517","post","type-post","status-publish","format-standard","has-post-thumbnail","","category-haberler-yerel","category-olaylar-ve-gercekler","category-son-haberler","category-suriye-ve-dunya","category-suriye-ve-turkiye","category-yerel"],"_links":{"self":[{"href":"https:\/\/archive.sana.sy\/tr\/index.php?rest_route=\/wp\/v2\/posts\/226517","targetHints":{"allow":["GET"]}}],"collection":[{"href":"https:\/\/archive.sana.sy\/tr\/index.php?rest_route=\/wp\/v2\/posts"}],"about":[{"href":"https:\/\/archive.sana.sy\/tr\/index.php?rest_route=\/wp\/v2\/types\/post"}],"author":[{"embeddable":true,"href":"https:\/\/archive.sana.sy\/tr\/index.php?rest_route=\/wp\/v2\/users\/36"}],"replies":[{"embeddable":true,"href":"https:\/\/archive.sana.sy\/tr\/index.php?rest_route=%2Fwp%2Fv2%2Fcomments&post=226517"}],"version-history":[{"count":0,"href":"https:\/\/archive.sana.sy\/tr\/index.php?rest_route=\/wp\/v2\/posts\/226517\/revisions"}],"wp:featuredmedia":[{"embeddable":true,"href":"https:\/\/archive.sana.sy\/tr\/index.php?rest_route=\/wp\/v2\/media\/226518"}],"wp:attachment":[{"href":"https:\/\/archive.sana.sy\/tr\/index.php?rest_route=%2Fwp%2Fv2%2Fmedia&parent=226517"}],"wp:term":[{"taxonomy":"category","embeddable":true,"href":"https:\/\/archive.sana.sy\/tr\/index.php?rest_route=%2Fwp%2Fv2%2Fcategories&post=226517"},{"taxonomy":"post_tag","embeddable":true,"href":"https:\/\/archive.sana.sy\/tr\/index.php?rest_route=%2Fwp%2Fv2%2Ftags&post=226517"}],"curies":[{"name":"wp","href":"https:\/\/api.w.org\/{rel}","templated":true}]}}