{"id":226651,"date":"2021-01-19T12:05:30","date_gmt":"2021-01-19T10:05:30","guid":{"rendered":"http:\/\/107.6.182.27\/tr\/?p=226651"},"modified":"2021-01-20T08:10:54","modified_gmt":"2021-01-20T06:10:54","slug":"dsg-milisleri-haseke-su-kurumu-calisanlarini-merkeze-girmekten-ikinci-gunde-de-men-etti-uc-calisani-kacirdi","status":"publish","type":"post","link":"https:\/\/archive.sana.sy\/tr\/?p=226651","title":{"rendered":"DSG Milisleri Haseke Su Kurumu \u00c7al\u0131\u015fanlar\u0131n\u0131 Merkeze Girmekten \u0130kinci G\u00fcnde De Men Etti \u00dc\u00e7 \u00c7al\u0131\u015fan\u0131 Ka\u00e7\u0131rd\u0131"},"content":{"rendered":"<p>HASEKE \u2013 Amerikan i\u015fgal kuvvetlerince destekli DSG milisleri Haseke Su Kurumu \u00e7al\u0131\u015fanlar\u0131n\u0131 kurum merkezine ge\u00e7i\u015flerini ikinci g\u00fcnde de men ederek 3 \u00e7al\u0131\u015fan\u0131 ka\u00e7\u0131rd\u0131.<\/p>\n<p>SANA&#8217;n\u0131n Hasaka muhabiri, bug\u00fcn ABD i\u015fgaliyle ba\u011flant\u0131l\u0131 (DSG) milislerinin, Haseke Su Kurumu&#8217;ndaki i\u015f\u00e7ilerin, arka arkaya ikinci g\u00fcnde Aziziye semtindeki kurumun genel merkezine girmelerini engelledi\u011fini ve \u00fc\u00e7 i\u015f\u00e7isini ka\u00e7\u0131rd\u0131\u011f\u0131n\u0131 bildirdi.<\/p>\n<p>S.\u015e.<\/p>\n","protected":false},"excerpt":{"rendered":"<p>HASEKE \u2013 Amerikan i\u015fgal kuvvetlerince destekli DSG milisleri Haseke Su Kurumu \u00e7al\u0131\u015fanlar\u0131n\u0131 kurum merkezine ge\u00e7i\u015flerini ikinci g\u00fcnde de men ederek 3 \u00e7al\u0131\u015fan\u0131 ka\u00e7\u0131rd\u0131. SANA&#8217;n\u0131n Hasaka muhabiri, bug\u00fcn ABD i\u015fgaliyle ba\u011flant\u0131l\u0131 (DSG) milislerinin, Haseke Su Kurumu&#8217;ndaki i\u015f\u00e7ilerin, arka arkaya ikinci g\u00fcnde Aziziye semtindeki kurumun genel merkezine girmelerini engelledi\u011fini ve \u00fc\u00e7 i\u015f\u00e7isini ka\u00e7\u0131rd\u0131\u011f\u0131n\u0131 bildirdi. S.\u015e.<\/p>\n","protected":false},"author":1,"featured_media":226652,"comment_status":"closed","ping_status":"closed","sticky":false,"template":"","format":"standard","meta":{"footnotes":""},"categories":[479,575,17988,478],"tags":[],"class_list":["post-226651","post","type-post","status-publish","format-standard","has-post-thumbnail","","category-haberler-yerel","category-olaylar-ve-gercekler","category-son-haberler","category-yerel"],"_links":{"self":[{"href":"https:\/\/archive.sana.sy\/tr\/index.php?rest_route=\/wp\/v2\/posts\/226651","targetHints":{"allow":["GET"]}}],"collection":[{"href":"https:\/\/archive.sana.sy\/tr\/index.php?rest_route=\/wp\/v2\/posts"}],"about":[{"href":"https:\/\/archive.sana.sy\/tr\/index.php?rest_route=\/wp\/v2\/types\/post"}],"author":[{"embeddable":true,"href":"https:\/\/archive.sana.sy\/tr\/index.php?rest_route=\/wp\/v2\/users\/1"}],"replies":[{"embeddable":true,"href":"https:\/\/archive.sana.sy\/tr\/index.php?rest_route=%2Fwp%2Fv2%2Fcomments&post=226651"}],"version-history":[{"count":0,"href":"https:\/\/archive.sana.sy\/tr\/index.php?rest_route=\/wp\/v2\/posts\/226651\/revisions"}],"wp:featuredmedia":[{"embeddable":true,"href":"https:\/\/archive.sana.sy\/tr\/index.php?rest_route=\/wp\/v2\/media\/226652"}],"wp:attachment":[{"href":"https:\/\/archive.sana.sy\/tr\/index.php?rest_route=%2Fwp%2Fv2%2Fmedia&parent=226651"}],"wp:term":[{"taxonomy":"category","embeddable":true,"href":"https:\/\/archive.sana.sy\/tr\/index.php?rest_route=%2Fwp%2Fv2%2Fcategories&post=226651"},{"taxonomy":"post_tag","embeddable":true,"href":"https:\/\/archive.sana.sy\/tr\/index.php?rest_route=%2Fwp%2Fv2%2Ftags&post=226651"}],"curies":[{"name":"wp","href":"https:\/\/api.w.org\/{rel}","templated":true}]}}