{"id":226654,"date":"2021-01-19T16:02:40","date_gmt":"2021-01-19T14:02:40","guid":{"rendered":"http:\/\/107.6.182.27\/tr\/?p=226654"},"modified":"2021-01-20T08:11:07","modified_gmt":"2021-01-20T06:11:07","slug":"dsg-milislerinin-kotrolundeki-bolgede-cogu-kadin-olan-yedi-magdurun-ceseti-bulundu","status":"publish","type":"post","link":"https:\/\/archive.sana.sy\/tr\/?p=226654","title":{"rendered":"DSG Milislerinin Kontrol\u00fcndeki B\u00f6lgede Co\u011fu Kad\u0131n Olan Yedi Ma\u011fdurun Ceseti Bulundu"},"content":{"rendered":"<p>HASEKE \u2013 Amerikan i\u015fgal g\u00fc\u00e7lerinin destekledi\u011fi DSG milislerinin kontrol\u00fcndeki b\u00f6lgelerde g\u00fcvenlik kaosun s\u00fcrmesi durumunda, Haseke k\u0131rsal\u0131n\u0131n g\u00fcneydo\u011fusundaki el Hol il\u00e7esinde \u00e7o\u011fu kad\u0131n 7 ki\u015finin cesetleri bulundu.<\/p>\n<p>B\u00f6lge kaynaklar\u0131 SANA muhabirine; DSG milislerinin kontrol\u00fc alt\u0131nda olan b\u00f6lgede cesetlerin bulundu\u011funa i\u015faret ederken, &#8220;yedi ceset, Haseke\u2019nin do\u011fusundaki el Hol mahallesi yak\u0131nlar\u0131nda \u00f6ld\u00fcr\u00fclen \u00e7o\u011fu kad\u0131n olan ve koyun g\u00fctme i\u015fi yapan Irakl\u0131 bir aile ki\u015filerine aittir&#8221; diye ifade etti.<\/p>\n<p>P.M.<\/p>\n","protected":false},"excerpt":{"rendered":"<p>HASEKE \u2013 Amerikan i\u015fgal g\u00fc\u00e7lerinin destekledi\u011fi DSG milislerinin kontrol\u00fcndeki b\u00f6lgelerde g\u00fcvenlik kaosun s\u00fcrmesi durumunda, Haseke k\u0131rsal\u0131n\u0131n g\u00fcneydo\u011fusundaki el Hol il\u00e7esinde \u00e7o\u011fu kad\u0131n 7 ki\u015finin cesetleri bulundu. B\u00f6lge kaynaklar\u0131 SANA muhabirine; DSG milislerinin kontrol\u00fc alt\u0131nda olan b\u00f6lgede cesetlerin bulundu\u011funa i\u015faret ederken, &#8220;yedi ceset, Haseke\u2019nin do\u011fusundaki el Hol mahallesi yak\u0131nlar\u0131nda \u00f6ld\u00fcr\u00fclen \u00e7o\u011fu kad\u0131n olan ve koyun g\u00fctme &hellip;<\/p>\n","protected":false},"author":1,"featured_media":226655,"comment_status":"closed","ping_status":"closed","sticky":false,"template":"","format":"standard","meta":{"footnotes":""},"categories":[479,575,17988,478],"tags":[],"class_list":["post-226654","post","type-post","status-publish","format-standard","has-post-thumbnail","","category-haberler-yerel","category-olaylar-ve-gercekler","category-son-haberler","category-yerel"],"_links":{"self":[{"href":"https:\/\/archive.sana.sy\/tr\/index.php?rest_route=\/wp\/v2\/posts\/226654","targetHints":{"allow":["GET"]}}],"collection":[{"href":"https:\/\/archive.sana.sy\/tr\/index.php?rest_route=\/wp\/v2\/posts"}],"about":[{"href":"https:\/\/archive.sana.sy\/tr\/index.php?rest_route=\/wp\/v2\/types\/post"}],"author":[{"embeddable":true,"href":"https:\/\/archive.sana.sy\/tr\/index.php?rest_route=\/wp\/v2\/users\/1"}],"replies":[{"embeddable":true,"href":"https:\/\/archive.sana.sy\/tr\/index.php?rest_route=%2Fwp%2Fv2%2Fcomments&post=226654"}],"version-history":[{"count":0,"href":"https:\/\/archive.sana.sy\/tr\/index.php?rest_route=\/wp\/v2\/posts\/226654\/revisions"}],"wp:featuredmedia":[{"embeddable":true,"href":"https:\/\/archive.sana.sy\/tr\/index.php?rest_route=\/wp\/v2\/media\/226655"}],"wp:attachment":[{"href":"https:\/\/archive.sana.sy\/tr\/index.php?rest_route=%2Fwp%2Fv2%2Fmedia&parent=226654"}],"wp:term":[{"taxonomy":"category","embeddable":true,"href":"https:\/\/archive.sana.sy\/tr\/index.php?rest_route=%2Fwp%2Fv2%2Fcategories&post=226654"},{"taxonomy":"post_tag","embeddable":true,"href":"https:\/\/archive.sana.sy\/tr\/index.php?rest_route=%2Fwp%2Fv2%2Ftags&post=226654"}],"curies":[{"name":"wp","href":"https:\/\/api.w.org\/{rel}","templated":true}]}}