{"id":226669,"date":"2021-01-19T18:31:10","date_gmt":"2021-01-19T16:31:10","guid":{"rendered":"http:\/\/107.6.182.27\/tr\/?p=226669"},"modified":"2021-01-20T15:04:53","modified_gmt":"2021-01-20T13:04:53","slug":"el-cezire-bolgesinde-dsg-milisleri-hedef-alan-saldirilarin-sikligini-ve-kalitesini-artti","status":"publish","type":"post","link":"https:\/\/archive.sana.sy\/tr\/?p=226669","title":{"rendered":"El Cezire B\u00f6lgesinde DSG Milisleri Hedef Alan Sald\u0131r\u0131lar\u0131n S\u0131kl\u0131\u011f\u0131 ve Kalitesi Artt\u0131"},"content":{"rendered":"<p>HASEKE \u2013 El Cezire b\u00f6lgesinde, Amerikan i\u015fgalinden destekli DSG milislerine kar\u015f\u0131 s\u00fcrd\u00fcr\u00fclen sald\u0131r\u0131larda en az 4 militan \u00f6ld\u00fcr\u00fcld\u00fc ve di\u011ferler yaraland\u0131.<\/p>\n<p>Haseke\u2019den yerel kaynaklar SANA muhabirine; DSG milislerinden iki militan\u0131n Haseke\u2019deki Panorama b\u00f6lgesinde DSG\u2019e ait bir askeri arac\u0131n\u0131n bobma d\u00fczene\u011fi patlamas\u0131na maruz kald\u0131\u011f\u0131n\u0131 nedeniyle \u00f6ld\u00fcr\u00fcld\u00fc\u011f\u00fcn\u00fc belirtti. Kaynaklar, di\u011fer bir DSG militan\u0131n\u0131n Haseke Kentinin g\u00fcneyinde 30 km uzakl\u0131kta bulunan Ecace K\u00f6y\u00fcnde motosiklet kullanan kimli\u011fi belirsiz iki ki\u015fi taraf\u0131ndan \u00f6ld\u00fcr\u00fcld\u00fc\u011f\u00fcn\u00fc s\u00f6zlerine ekledi.<\/p>\n<p>Deyrezzor k\u0131rsal\u0131n\u0131n do\u011fusunda ise kaynaklar, DSG milislerine kar\u015f\u0131 yap\u0131lan sald\u0131r\u0131lar\u0131n yo\u011funla\u015ft\u0131r\u0131ld\u0131\u011f\u0131n\u0131 dile getirerek, el Sabha beldesinde bilinmeyen ki\u015filerin kur\u015funlarla bir DSG militan\u0131n\u0131n \u00f6ld\u00fcr\u00fcld\u00fc\u011f\u00fcn\u00fc ve di\u011fer bir militan\u0131n Cedid Ukeydat Beldesinde yap\u0131lan sald\u0131r\u0131larda yaraland\u0131\u011f\u0131\u0131n\u0131 belirtti.<\/p>\n<p>\u00d6te yandan Deyrezzor k\u0131rsal\u0131nda bulunan el \u015eiheyl kentinden kaynaklar; kimli\u011fi belirsiz ki\u015filerin ile DSG milislerine ait bir noktay\u0131 d\u00fcze mermisi ile hedef ald\u0131klar\u0131n\u0131 s\u00f6yledi. Kaynaklar, bu sald\u0131r\u0131 sonucunda DSG milislerine ait noktas\u0131ndaki militanlar\u0131n \u00f6l\u00fc ve yaral\u0131 kay\u0131plara u\u011frat\u0131ld\u0131klar\u0131n\u0131 ve ard\u0131ndan milislerden gelen sevkiyat\u0131n olay yerini kapatt\u0131\u011f\u0131n\u0131 ve bask\u0131nlar d\u00fczenledi\u011fini belirtti.<\/p>\n<p>P.M.<\/p>\n","protected":false},"excerpt":{"rendered":"<p>HASEKE \u2013 El Cezire b\u00f6lgesinde, Amerikan i\u015fgalinden destekli DSG milislerine kar\u015f\u0131 s\u00fcrd\u00fcr\u00fclen sald\u0131r\u0131larda en az 4 militan \u00f6ld\u00fcr\u00fcld\u00fc ve di\u011ferler yaraland\u0131. Haseke\u2019den yerel kaynaklar SANA muhabirine; DSG milislerinden iki militan\u0131n Haseke\u2019deki Panorama b\u00f6lgesinde DSG\u2019e ait bir askeri arac\u0131n\u0131n bobma d\u00fczene\u011fi patlamas\u0131na maruz kald\u0131\u011f\u0131n\u0131 nedeniyle \u00f6ld\u00fcr\u00fcld\u00fc\u011f\u00fcn\u00fc belirtti. Kaynaklar, di\u011fer bir DSG militan\u0131n\u0131n Haseke Kentinin g\u00fcneyinde 30 &hellip;<\/p>\n","protected":false},"author":1,"featured_media":226670,"comment_status":"closed","ping_status":"closed","sticky":false,"template":"","format":"standard","meta":{"footnotes":""},"categories":[479,575,17988,478],"tags":[],"class_list":["post-226669","post","type-post","status-publish","format-standard","has-post-thumbnail","","category-haberler-yerel","category-olaylar-ve-gercekler","category-son-haberler","category-yerel"],"_links":{"self":[{"href":"https:\/\/archive.sana.sy\/tr\/index.php?rest_route=\/wp\/v2\/posts\/226669","targetHints":{"allow":["GET"]}}],"collection":[{"href":"https:\/\/archive.sana.sy\/tr\/index.php?rest_route=\/wp\/v2\/posts"}],"about":[{"href":"https:\/\/archive.sana.sy\/tr\/index.php?rest_route=\/wp\/v2\/types\/post"}],"author":[{"embeddable":true,"href":"https:\/\/archive.sana.sy\/tr\/index.php?rest_route=\/wp\/v2\/users\/1"}],"replies":[{"embeddable":true,"href":"https:\/\/archive.sana.sy\/tr\/index.php?rest_route=%2Fwp%2Fv2%2Fcomments&post=226669"}],"version-history":[{"count":0,"href":"https:\/\/archive.sana.sy\/tr\/index.php?rest_route=\/wp\/v2\/posts\/226669\/revisions"}],"wp:featuredmedia":[{"embeddable":true,"href":"https:\/\/archive.sana.sy\/tr\/index.php?rest_route=\/wp\/v2\/media\/226670"}],"wp:attachment":[{"href":"https:\/\/archive.sana.sy\/tr\/index.php?rest_route=%2Fwp%2Fv2%2Fmedia&parent=226669"}],"wp:term":[{"taxonomy":"category","embeddable":true,"href":"https:\/\/archive.sana.sy\/tr\/index.php?rest_route=%2Fwp%2Fv2%2Fcategories&post=226669"},{"taxonomy":"post_tag","embeddable":true,"href":"https:\/\/archive.sana.sy\/tr\/index.php?rest_route=%2Fwp%2Fv2%2Ftags&post=226669"}],"curies":[{"name":"wp","href":"https:\/\/api.w.org\/{rel}","templated":true}]}}