{"id":22676,"date":"2015-02-02T16:06:25","date_gmt":"2015-02-02T14:06:25","guid":{"rendered":"http:\/\/www.sana.sy\/tr\/?p=22676"},"modified":"2015-02-02T16:54:28","modified_gmt":"2015-02-02T14:54:28","slug":"herhangi-bir-ahmakligin-bedelini-agir-odetmeye-haziriz","status":"publish","type":"post","link":"https:\/\/archive.sana.sy\/tr\/?p=22676","title":{"rendered":"Herhangi Bir Ahmakl\u0131\u011f\u0131n Bedelini A\u011f\u0131r \u00d6detmeye Haz\u0131r\u0131z"},"content":{"rendered":"<p>TAHRAN \u2013 \u0130ran \u015eura Meclisinde Milli G\u00fcvenlik ve D\u0131\u015f Politika Komitesi Ba\u015fkan\u0131 Alauddin Brojerdi; \u00fclkesinin b\u00f6lgede Siyonist \u0130srail sald\u0131r\u0131lar\u0131na kar\u015f\u0131 m\u00fccadele eden direni\u015f g\u00fcc\u00fcne deste\u011fini s\u00fcrd\u00fcrece\u011finin alt\u0131n\u0131 bir kez daha \u00e7izdi.<\/p>\n<p>\u0130ranl\u0131 Alem Haber Kanal\u0131n\u0131n bug\u00fcn aktard\u0131\u011f\u0131 a\u00e7\u0131klamalar\u0131nda Brojerdi; Siyonist \u0130srail&#8217;in anlad\u0131\u011f\u0131 yegane dilin g\u00fc\u00e7 ve sald\u0131r\u0131lar\u0131na kararl\u0131l\u0131kla misillemede bulunma dili oldu\u011funu ifade etti.<\/p>\n<p>Brojerdi; Siyonist varl\u0131k \u0130srail&#8217;in ne uluslar aras\u0131 kanunlar ne de insani ilkelere sayg\u0131 g\u00f6stermedi\u011fine vurgu yapt\u0131.<\/p>\n<p>Siyonist varl\u0131\u011f\u0131n b\u00f6lge halklar\u0131na kar\u015f\u0131 insanl\u0131k d\u0131\u015f\u0131 katliamlarda bulundu\u011funa vurgu yapan Brojerdi; \u00e7ocuk ve kad\u0131n g\u00f6zetmeksizin masum sivil insanlar\u0131 vah\u015fice katletti\u011fini ifade etti.<\/p>\n<p>Brojerdi b\u00f6lgedeki direni\u015f g\u00fcc\u00fcn\u00fcn \u0130srail&#8217;in herhangi bir sald\u0131r\u0131s\u0131na g\u00fc\u00e7l\u00fc bir \u015fekilde kar\u015f\u0131l\u0131k verece\u011fine \u00f6nemle vurgu yapt\u0131.<\/p>\n<p>Siyonistlerin bulunacaklar\u0131 herhangi bir sald\u0131r\u0131ya kar\u015f\u0131 a\u011f\u0131r bir bedel \u00f6deyeceklerini idrak etmeleri gerekti\u011fini belirten Brojerdi; \u0130ran\u2019\u0131n sava\u015f politikas\u0131n\u0131 benimsemedi\u011fini, fakat bunun siyonist tehditler kar\u015f\u0131s\u0131nda eli kolu ba\u011fl\u0131 kalaca\u011f\u0131 anlam\u0131na da gelmedi\u011fini vurgulad\u0131.<\/p>\n<p>Brojerdi; siyonist yetkililerin herhangi bir ahmakl\u0131kta bulunmalar\u0131 halinde \u0130ran\u2019\u0131n bu hatalar\u0131ndan dolay\u0131 onlar\u0131 pi\u015fman edecek ciddi bir \u00e7arp\u0131\u015fmaya haz\u0131r oldu\u011funu belirtti.<\/p>\n<p>A.A. &#8211; M.M.<\/p>\n","protected":false},"excerpt":{"rendered":"<p>TAHRAN \u2013 \u0130ran \u015eura Meclisinde Milli G\u00fcvenlik ve D\u0131\u015f Politika Komitesi Ba\u015fkan\u0131 Alauddin Brojerdi; \u00fclkesinin b\u00f6lgede Siyonist \u0130srail sald\u0131r\u0131lar\u0131na kar\u015f\u0131 m\u00fccadele eden direni\u015f g\u00fcc\u00fcne deste\u011fini s\u00fcrd\u00fcrece\u011finin alt\u0131n\u0131 bir kez daha \u00e7izdi. \u0130ranl\u0131 Alem Haber Kanal\u0131n\u0131n bug\u00fcn aktard\u0131\u011f\u0131 a\u00e7\u0131klamalar\u0131nda Brojerdi; Siyonist \u0130srail&#8217;in anlad\u0131\u011f\u0131 yegane dilin g\u00fc\u00e7 ve sald\u0131r\u0131lar\u0131na kararl\u0131l\u0131kla misillemede bulunma dili oldu\u011funu ifade etti. Brojerdi; &hellip;<\/p>\n","protected":false},"author":1,"featured_media":22679,"comment_status":"closed","ping_status":"closed","sticky":false,"template":"","format":"standard","meta":{"footnotes":""},"categories":[458,459,447],"tags":[11126,11127],"class_list":["post-22676","post","type-post","status-publish","format-standard","has-post-thumbnail","","category-dunya1","category-haberler-arap-uluslararasi-politika","category-politika","tag-herhangi-bir-ahmakligin-bedelini-agir-odetmeye-haziriz","tag-tahran-iran-sura-meclisinde-milli-guvenlik-ve-dis-politika-komitesi-baskani-alauddin-brojerdi-ulkesinin-bolgede-siyonist-israil-saldirilarina-karsi-mucadele-eden-direnis-gucune-destegini-su"],"_links":{"self":[{"href":"https:\/\/archive.sana.sy\/tr\/index.php?rest_route=\/wp\/v2\/posts\/22676","targetHints":{"allow":["GET"]}}],"collection":[{"href":"https:\/\/archive.sana.sy\/tr\/index.php?rest_route=\/wp\/v2\/posts"}],"about":[{"href":"https:\/\/archive.sana.sy\/tr\/index.php?rest_route=\/wp\/v2\/types\/post"}],"author":[{"embeddable":true,"href":"https:\/\/archive.sana.sy\/tr\/index.php?rest_route=\/wp\/v2\/users\/1"}],"replies":[{"embeddable":true,"href":"https:\/\/archive.sana.sy\/tr\/index.php?rest_route=%2Fwp%2Fv2%2Fcomments&post=22676"}],"version-history":[{"count":0,"href":"https:\/\/archive.sana.sy\/tr\/index.php?rest_route=\/wp\/v2\/posts\/22676\/revisions"}],"wp:featuredmedia":[{"embeddable":true,"href":"https:\/\/archive.sana.sy\/tr\/index.php?rest_route=\/wp\/v2\/media\/22679"}],"wp:attachment":[{"href":"https:\/\/archive.sana.sy\/tr\/index.php?rest_route=%2Fwp%2Fv2%2Fmedia&parent=22676"}],"wp:term":[{"taxonomy":"category","embeddable":true,"href":"https:\/\/archive.sana.sy\/tr\/index.php?rest_route=%2Fwp%2Fv2%2Fcategories&post=22676"},{"taxonomy":"post_tag","embeddable":true,"href":"https:\/\/archive.sana.sy\/tr\/index.php?rest_route=%2Fwp%2Fv2%2Ftags&post=22676"}],"curies":[{"name":"wp","href":"https:\/\/api.w.org\/{rel}","templated":true}]}}