{"id":226812,"date":"2021-01-21T08:27:59","date_gmt":"2021-01-21T06:27:59","guid":{"rendered":"http:\/\/107.6.182.27\/tr\/?p=226812"},"modified":"2021-01-22T08:27:11","modified_gmt":"2021-01-22T06:27:11","slug":"dsg-milislerinin-kontrolu-altindaki-el-hol-kampinda-bir-cocuk-vefat-etti-2","status":"publish","type":"post","link":"https:\/\/archive.sana.sy\/tr\/?p=226812","title":{"rendered":"DSG milislerinin Kontrol\u00fc Alt\u0131ndaki El Hol Kamp\u0131nda Bir \u00c7ocuk Vefat Etti"},"content":{"rendered":"<p>HASEKE \u2013 Haseke \u015fehrinin do\u011fusunda yer alan ve i\u015fgalci Amerikan g\u00fc\u00e7leri taraf\u0131nan desteklenen \u201cDSG\u201d milislerinin kontrol ettikleri el Hol kamp\u0131nda, kamp sakinlerine sa\u011flanan sa\u011f\u0131k hizmetlerinin eksikli\u011fi\u00a0 ve so\u011fuk nedeniyle bir \u00e7ocuk vefat etti.<\/p>\n<p>Yerel kaynaklar SANA&#8217;ya, Haseke k\u0131rsal\u0131n\u0131n do\u011fusunda yer alan el Hol kamp\u0131nda bir \u00e7ocu\u011fun, yiyecek ve ila\u00e7 eksikli\u011fi nedeniyle artan hastal\u0131k salg\u0131n\u0131 korkusu \u0131\u015f\u0131\u011f\u0131nda, &#8220;DSG\u201d milisleri ve i\u015fgalci ABD g\u00fc\u00e7leri taraf\u0131ndan kontrol edilen kamp\u0131n i\u00e7indeki so\u011fuk ve sa\u011fl\u0131k hizmetlerinin eksikli\u011fi nedeniyle vefat etti\u011fini belirtti.<\/p>\n<p>\u00c7eviri: M.Y<\/p>\n<p>&nbsp;<\/p>\n","protected":false},"excerpt":{"rendered":"<p>HASEKE \u2013 Haseke \u015fehrinin do\u011fusunda yer alan ve i\u015fgalci Amerikan g\u00fc\u00e7leri taraf\u0131nan desteklenen \u201cDSG\u201d milislerinin kontrol ettikleri el Hol kamp\u0131nda, kamp sakinlerine sa\u011flanan sa\u011f\u0131k hizmetlerinin eksikli\u011fi\u00a0 ve so\u011fuk nedeniyle bir \u00e7ocuk vefat etti. Yerel kaynaklar SANA&#8217;ya, Haseke k\u0131rsal\u0131n\u0131n do\u011fusunda yer alan el Hol kamp\u0131nda bir \u00e7ocu\u011fun, yiyecek ve ila\u00e7 eksikli\u011fi nedeniyle artan hastal\u0131k salg\u0131n\u0131 korkusu &hellip;<\/p>\n","protected":false},"author":36,"featured_media":226813,"comment_status":"closed","ping_status":"closed","sticky":false,"template":"","format":"standard","meta":{"footnotes":""},"categories":[479,575,17988,478],"tags":[],"class_list":["post-226812","post","type-post","status-publish","format-standard","has-post-thumbnail","","category-haberler-yerel","category-olaylar-ve-gercekler","category-son-haberler","category-yerel"],"_links":{"self":[{"href":"https:\/\/archive.sana.sy\/tr\/index.php?rest_route=\/wp\/v2\/posts\/226812","targetHints":{"allow":["GET"]}}],"collection":[{"href":"https:\/\/archive.sana.sy\/tr\/index.php?rest_route=\/wp\/v2\/posts"}],"about":[{"href":"https:\/\/archive.sana.sy\/tr\/index.php?rest_route=\/wp\/v2\/types\/post"}],"author":[{"embeddable":true,"href":"https:\/\/archive.sana.sy\/tr\/index.php?rest_route=\/wp\/v2\/users\/36"}],"replies":[{"embeddable":true,"href":"https:\/\/archive.sana.sy\/tr\/index.php?rest_route=%2Fwp%2Fv2%2Fcomments&post=226812"}],"version-history":[{"count":0,"href":"https:\/\/archive.sana.sy\/tr\/index.php?rest_route=\/wp\/v2\/posts\/226812\/revisions"}],"wp:featuredmedia":[{"embeddable":true,"href":"https:\/\/archive.sana.sy\/tr\/index.php?rest_route=\/wp\/v2\/media\/226813"}],"wp:attachment":[{"href":"https:\/\/archive.sana.sy\/tr\/index.php?rest_route=%2Fwp%2Fv2%2Fmedia&parent=226812"}],"wp:term":[{"taxonomy":"category","embeddable":true,"href":"https:\/\/archive.sana.sy\/tr\/index.php?rest_route=%2Fwp%2Fv2%2Fcategories&post=226812"},{"taxonomy":"post_tag","embeddable":true,"href":"https:\/\/archive.sana.sy\/tr\/index.php?rest_route=%2Fwp%2Fv2%2Ftags&post=226812"}],"curies":[{"name":"wp","href":"https:\/\/api.w.org\/{rel}","templated":true}]}}