{"id":226951,"date":"2021-01-22T14:55:03","date_gmt":"2021-01-22T12:55:03","guid":{"rendered":"http:\/\/107.6.182.27\/tr\/?p=226951"},"modified":"2021-01-23T08:25:30","modified_gmt":"2021-01-23T06:25:30","slug":"dsg-milisleri-el-cezire-bolgelerinde-kacirma-eylemlerini-surdurdu","status":"publish","type":"post","link":"https:\/\/archive.sana.sy\/tr\/?p=226951","title":{"rendered":"DSG Milisleri El Cezire B\u00f6lgelerinde Ka\u00e7\u0131rma Eylemlerini S\u00fcrd\u00fcrd\u00fc"},"content":{"rendered":"<p>DEYREZZOR \u2013 Yay\u0131ld\u0131klar\u0131 b\u00f6lgelerde ahalilere kar\u015f\u0131 devam ettikleri zorball\u0131klar\u0131 ve bask\u0131 politikas\u0131 \u00e7er\u00e7evesinde Amerikan i\u015fgalci g\u00fc\u00e7lerinden destekli DSG milisleri Deyrezzor k\u0131rsal\u0131ndaki el Besira \u015fehrinde bask\u0131nlar d\u00fczenleyip birka\u00e7 sivili ka\u00e7\u0131rd\u0131.<\/p>\n<p>B\u00f6lge kaynaklar\u0131 SANA muhabirine; DSG milislerinden silahl\u0131lar\u0131n Deyrezzor k\u0131rsal\u0131n\u0131n do\u011fusunda yer alan el Besira \u015fehrinde bask\u0131nlar d\u00fczenlediklerini ve birka\u00e7 sivili ka\u00e7\u0131rd\u0131klar\u0131n\u0131 belirtti. Kaynaklar; DSG milislerinin ka\u00e7\u0131rd\u0131klar\u0131 sivilleri bilinmeyen y\u00f6ne g\u00f6t\u00fcrd\u00fcklerini s\u00f6zlerine ekledi.<\/p>\n<p>P.M.<\/p>\n","protected":false},"excerpt":{"rendered":"<p>DEYREZZOR \u2013 Yay\u0131ld\u0131klar\u0131 b\u00f6lgelerde ahalilere kar\u015f\u0131 devam ettikleri zorball\u0131klar\u0131 ve bask\u0131 politikas\u0131 \u00e7er\u00e7evesinde Amerikan i\u015fgalci g\u00fc\u00e7lerinden destekli DSG milisleri Deyrezzor k\u0131rsal\u0131ndaki el Besira \u015fehrinde bask\u0131nlar d\u00fczenleyip birka\u00e7 sivili ka\u00e7\u0131rd\u0131. B\u00f6lge kaynaklar\u0131 SANA muhabirine; DSG milislerinden silahl\u0131lar\u0131n Deyrezzor k\u0131rsal\u0131n\u0131n do\u011fusunda yer alan el Besira \u015fehrinde bask\u0131nlar d\u00fczenlediklerini ve birka\u00e7 sivili ka\u00e7\u0131rd\u0131klar\u0131n\u0131 belirtti. Kaynaklar; DSG milislerinin ka\u00e7\u0131rd\u0131klar\u0131 &hellip;<\/p>\n","protected":false},"author":1,"featured_media":226952,"comment_status":"closed","ping_status":"closed","sticky":false,"template":"","format":"standard","meta":{"footnotes":""},"categories":[479,575,17988,478],"tags":[],"class_list":["post-226951","post","type-post","status-publish","format-standard","has-post-thumbnail","","category-haberler-yerel","category-olaylar-ve-gercekler","category-son-haberler","category-yerel"],"_links":{"self":[{"href":"https:\/\/archive.sana.sy\/tr\/index.php?rest_route=\/wp\/v2\/posts\/226951","targetHints":{"allow":["GET"]}}],"collection":[{"href":"https:\/\/archive.sana.sy\/tr\/index.php?rest_route=\/wp\/v2\/posts"}],"about":[{"href":"https:\/\/archive.sana.sy\/tr\/index.php?rest_route=\/wp\/v2\/types\/post"}],"author":[{"embeddable":true,"href":"https:\/\/archive.sana.sy\/tr\/index.php?rest_route=\/wp\/v2\/users\/1"}],"replies":[{"embeddable":true,"href":"https:\/\/archive.sana.sy\/tr\/index.php?rest_route=%2Fwp%2Fv2%2Fcomments&post=226951"}],"version-history":[{"count":0,"href":"https:\/\/archive.sana.sy\/tr\/index.php?rest_route=\/wp\/v2\/posts\/226951\/revisions"}],"wp:featuredmedia":[{"embeddable":true,"href":"https:\/\/archive.sana.sy\/tr\/index.php?rest_route=\/wp\/v2\/media\/226952"}],"wp:attachment":[{"href":"https:\/\/archive.sana.sy\/tr\/index.php?rest_route=%2Fwp%2Fv2%2Fmedia&parent=226951"}],"wp:term":[{"taxonomy":"category","embeddable":true,"href":"https:\/\/archive.sana.sy\/tr\/index.php?rest_route=%2Fwp%2Fv2%2Fcategories&post=226951"},{"taxonomy":"post_tag","embeddable":true,"href":"https:\/\/archive.sana.sy\/tr\/index.php?rest_route=%2Fwp%2Fv2%2Ftags&post=226951"}],"curies":[{"name":"wp","href":"https:\/\/api.w.org\/{rel}","templated":true}]}}