{"id":226960,"date":"2021-01-22T16:11:02","date_gmt":"2021-01-22T14:11:02","guid":{"rendered":"http:\/\/107.6.182.27\/tr\/?p=226960"},"modified":"2021-01-24T08:12:51","modified_gmt":"2021-01-24T06:12:51","slug":"patrik-ii-afram-dunyanin-dort-yanindan-bir-dizi-kilise-pontiffi-ve-siyasi-aktor-bidene-gonderdikleri-mektupla-suriyeye-uygulanan-tek-tarafli-zorlayici-yaptirimlari-kaldirmaya-cagirdi","status":"publish","type":"post","link":"https:\/\/archive.sana.sy\/tr\/?p=226960","title":{"rendered":"Patrik II. Afram, D\u00fcnyan\u0131n D\u00f6rt Yan\u0131ndan Bir Dizi Kilise Pontiffi ve Siyasi Akt\u00f6r Biden&#8217;e G\u00f6nderdikleri Mektupla Suriye\u2019ye Uygulanan Tek Tarafli Zorlay\u0131c\u0131 Yapt\u0131r\u0131mlar\u0131 Kald\u0131rmaya \u00c7a\u011f\u0131rd\u0131"},"content":{"rendered":"<p>\u015eAM \u2013 Antakya ve T\u00fcm Do\u011fu S\u00fcryani Ortodoks Patri\u011fi II. Mar \u0130gnatius Afram, ABD Ba\u015fkan\u0131 Joe Biden&#8217;den Suriye halk\u0131n\u0131n ge\u00e7im kaynaklar\u0131n\u0131 hedef alan ve Koronavir\u00fcs salg\u0131n\u0131 \u0131\u015f\u0131\u011f\u0131nda ac\u0131lar\u0131n\u0131 \u015fiddetlendiren tek tarafl\u0131 zorlay\u0131c\u0131 \u00f6nlemleri kald\u0131rmaya \u00e7a\u011f\u0131rd\u0131.<\/p>\n<p>Patrik Afram&#8217;\u0131n ve d\u00fcnyan\u0131n d\u00f6rt bir yan\u0131ndan bir dizi kilise pontiffi ve siyasi akt\u00f6r\u00fcn ba\u015fkanl\u0131\u011f\u0131 devralmas\u0131 vesilesiyle Biden&#8217;e g\u00f6nderdi\u011fi bir mesajda: Korona salg\u0131n\u0131n\u0131n patlak vermesi ve zor ko\u015fullara tesad\u00fcf etmesi ve bu yasad\u0131\u015f\u0131 \u00f6nlemlerin \u00f6zellikle sa\u011fl\u0131k sekt\u00f6r\u00fc ve bak\u0131m sistemi \u00fczerinde b\u0131rakt\u0131\u011f\u0131 yans\u0131malar \u0131\u015f\u0131\u011f\u0131nda, bu \u00f6nlemlerin derhal kald\u0131r\u0131lmas\u0131 acil bir mesele haline geldi\u011fini kaydedilmektedir.<\/p>\n<p>Mektup, ge\u00e7ti\u011fimiz Aral\u0131k ay\u0131 sonunda Birle\u015fmi\u015f Milletler \u00d6zel Raport\u00f6r\u00fc Alena Douhan\u2019\u0131n, Suriyelilerin sa\u011fl\u0131k ve insani yard\u0131ma eri\u015fimlerini engelleyerek, \u00f6zellikle korona salg\u0131n\u0131 nedeniyle Suriyelilerin i\u00e7inde ya\u015fad\u0131klar\u0131 sert ko\u015fullar\u0131n nedeni oldu\u011fu y\u00f6n\u00fcndeki zorlay\u0131c\u0131 \u00f6nlemlerin tespitlerini yineledi.<\/p>\n<p>Mektupta, bu sonu\u00e7lar\u0131n insani yard\u0131m kurulu\u015flar\u0131 ve insan haklar\u0131 \u00f6rg\u00fctleri aras\u0131nda sivillere y\u00f6nelik bu t\u00fcr yasad\u0131\u015f\u0131 &#8220;cezaland\u0131r\u0131c\u0131&#8221; \u00f6nlemlerin Suriye halk\u0131n\u0131n \u00e7ekti\u011fi ac\u0131y\u0131 &#8220;benzeri g\u00f6r\u00fclmemi\u015f\u201d bir \u015fekilde \u015fiddetlendirdi\u011fine dair artan bir mutabakat\u0131 yans\u0131tt\u0131\u011f\u0131na i\u015faret edildi.<\/p>\n<p>Mektupta Washington&#8217;a, bir\u00e7ok ki\u015finin yerinden edilme nedenleri aras\u0131nda yer alan, \u00f6zellikle Suriye&#8217;ye uygulanan adaletsiz yapt\u0131r\u0131mlar yoluyla, \u00e7\u0131karlar\u0131n\u0131 halk\u0131n pahas\u0131na elde etmek i\u00e7in bu tek tarafl\u0131 \u00f6nlemleri kullanmay\u0131 b\u0131rakmas\u0131 \u00e7a\u011fr\u0131s\u0131nda bulunuldu.<\/p>\n<p>P.M.<\/p>\n","protected":false},"excerpt":{"rendered":"<p>\u015eAM \u2013 Antakya ve T\u00fcm Do\u011fu S\u00fcryani Ortodoks Patri\u011fi II. Mar \u0130gnatius Afram, ABD Ba\u015fkan\u0131 Joe Biden&#8217;den Suriye halk\u0131n\u0131n ge\u00e7im kaynaklar\u0131n\u0131 hedef alan ve Koronavir\u00fcs salg\u0131n\u0131 \u0131\u015f\u0131\u011f\u0131nda ac\u0131lar\u0131n\u0131 \u015fiddetlendiren tek tarafl\u0131 zorlay\u0131c\u0131 \u00f6nlemleri kald\u0131rmaya \u00e7a\u011f\u0131rd\u0131. Patrik Afram&#8217;\u0131n ve d\u00fcnyan\u0131n d\u00f6rt bir yan\u0131ndan bir dizi kilise pontiffi ve siyasi akt\u00f6r\u00fcn ba\u015fkanl\u0131\u011f\u0131 devralmas\u0131 vesilesiyle Biden&#8217;e g\u00f6nderdi\u011fi bir &hellip;<\/p>\n","protected":false},"author":1,"featured_media":226961,"comment_status":"closed","ping_status":"closed","sticky":false,"template":"","format":"standard","meta":{"footnotes":""},"categories":[479,17988,478],"tags":[],"class_list":["post-226960","post","type-post","status-publish","format-standard","has-post-thumbnail","","category-haberler-yerel","category-son-haberler","category-yerel"],"_links":{"self":[{"href":"https:\/\/archive.sana.sy\/tr\/index.php?rest_route=\/wp\/v2\/posts\/226960","targetHints":{"allow":["GET"]}}],"collection":[{"href":"https:\/\/archive.sana.sy\/tr\/index.php?rest_route=\/wp\/v2\/posts"}],"about":[{"href":"https:\/\/archive.sana.sy\/tr\/index.php?rest_route=\/wp\/v2\/types\/post"}],"author":[{"embeddable":true,"href":"https:\/\/archive.sana.sy\/tr\/index.php?rest_route=\/wp\/v2\/users\/1"}],"replies":[{"embeddable":true,"href":"https:\/\/archive.sana.sy\/tr\/index.php?rest_route=%2Fwp%2Fv2%2Fcomments&post=226960"}],"version-history":[{"count":0,"href":"https:\/\/archive.sana.sy\/tr\/index.php?rest_route=\/wp\/v2\/posts\/226960\/revisions"}],"wp:featuredmedia":[{"embeddable":true,"href":"https:\/\/archive.sana.sy\/tr\/index.php?rest_route=\/wp\/v2\/media\/226961"}],"wp:attachment":[{"href":"https:\/\/archive.sana.sy\/tr\/index.php?rest_route=%2Fwp%2Fv2%2Fmedia&parent=226960"}],"wp:term":[{"taxonomy":"category","embeddable":true,"href":"https:\/\/archive.sana.sy\/tr\/index.php?rest_route=%2Fwp%2Fv2%2Fcategories&post=226960"},{"taxonomy":"post_tag","embeddable":true,"href":"https:\/\/archive.sana.sy\/tr\/index.php?rest_route=%2Fwp%2Fv2%2Ftags&post=226960"}],"curies":[{"name":"wp","href":"https:\/\/api.w.org\/{rel}","templated":true}]}}