{"id":226967,"date":"2021-01-22T19:01:15","date_gmt":"2021-01-22T17:01:15","guid":{"rendered":"http:\/\/107.6.182.27\/tr\/?p=226967"},"modified":"2021-01-24T08:13:08","modified_gmt":"2021-01-24T06:13:08","slug":"suriye-topraklari-egemenligi-ve-vatandaslarini-israil-saldirilarindan-mesru-yollarla-koruma-hakkina-sahiptir","status":"publish","type":"post","link":"https:\/\/archive.sana.sy\/tr\/?p=226967","title":{"rendered":"Suriye, Topraklar\u0131, Egemenli\u011fi Ve Vatanda\u015flar\u0131n\u0131 \u0130srail Sald\u0131r\u0131lar\u0131ndan Me\u015fru Yollarla Koruma Hakk\u0131na Sahiptir"},"content":{"rendered":"<p style=\"text-align: justify;\">\u015eAM &#8211;\u00a0 D\u0131\u015fi\u015fleri ve Gurbet\u00e7iler Bakanl\u0131\u011f\u0131, bug\u00fcn Hama kenti \u00e7evresinde \u0130srail&#8217;in su\u00e7 te\u015fkil eden sald\u0131r\u0131s\u0131n\u0131n Suriye topraklar\u0131n\u0131n h\u00fcrmetine ve egemenli\u011fine a\u00e7\u0131k bir ihlali oldu\u011funu belirterek, \u0130nsan Haklar\u0131 Yasas\u0131 ve Uluslararas\u0131 Hukuk Yasas\u0131&#8217;n\u0131n a\u00e7\u0131k bir ihlali oldu\u011funu dile getirdi ve Birle\u015fmi\u015f Milletler ve \u0130nsan Haklar\u0131 Konseyi&#8217;ni bu sald\u0131r\u0131lar\u0131 k\u0131namak i\u00e7in sorumluluklar\u0131n\u0131 \u00fcstlenmeye \u00e7a\u011f\u0131rd\u0131.<\/p>\n<p style=\"text-align: justify;\">D\u0131\u015fi\u015fleri ve Gurbet\u00e7iler Bakanl\u0131\u011f\u0131, BM Genel Sekreteri, BM G\u00fcvenlik Konseyi Ba\u015fkan\u0131 ve \u0130nsan Haklar\u0131 Konseyi Ba\u015fkan\u0131na g\u00f6nderdi\u011fi ve SANA&#8217;n\u0131n bir n\u00fcshas\u0131n\u0131 ald\u0131\u011f\u0131 mektupta bug\u00fcn, 22-01-2021 Cuma g\u00fcn\u00fc \u0130srail, Suriye Arap Cumhuriyeti&#8217;nin Hama yak\u0131nlar\u0131ndaki topraklar\u0131na yeni bir sald\u0131r\u0131 d\u00fczenledi. Sonu\u00e7 olarak, bir baba, bir anne ve iki \u00e7ocu\u011fun ailesi \u00f6ld\u00fcr\u00fcld\u00fc, ayn\u0131 ailenin di\u011fer d\u00f6rt vatanda\u015f\u0131 yaraland\u0131 ve \u00e7ok say\u0131da masum sivilin evi y\u0131k\u0131ld\u0131. Bu kanl\u0131 sald\u0131r\u0131n\u0131n, bir y\u0131ldan k\u0131sa bir s\u00fcrede 50&#8217;den fazla sald\u0131r\u0131ya ula\u015fan, \u00e7ok say\u0131da sivilin hayat\u0131n\u0131 kaybetti\u011fi ve mallar\u0131n\u0131n tahrip edildi\u011fi \u0130srail sald\u0131r\u0131lar\u0131n\u0131n bir devam\u0131 olarak geldi\u011fini\u00a0 ve Sadece Suriye Arap Cumhuriyeti topraklar\u0131n\u0131n h\u00fcrmeti ve egemenli\u011finin a\u00e7\u0131k bir ihlali de\u011fil, masum sivilleri hedef alarak ve g\u00fcvenlik ve bar\u0131\u015f i\u00e7inde ya\u015fama haklar\u0131n\u0131 ihlal etti\u011fini belirtti.<\/p>\n<p style=\"text-align: justify;\">Bakanl\u0131k, Suriye Arap Cumhuriyeti, uluslararas\u0131 toplumdaki \u00e7ok say\u0131da taraf\u0131n, \u00f6zellikle de bu bariz sald\u0131r\u0131lar hakk\u0131nda, insan haklar\u0131 hakk\u0131nda konu\u015fanlar\u0131n bu korkun\u00e7 sessizli\u011finden \u00f6t\u00fcr\u00fc, gasp\u00e7\u0131 \u0130srail i\u015fgal te\u015fkilat\u0131n\u0131 ter\u00f6rist gruplar\u0131n su\u00e7lar\u0131yla \u015f\u00fcpheli bir tesad\u00fcf eseri Suriye&#8217;ye y\u00f6nelik sald\u0131r\u0131lar\u0131n\u0131 s\u00fcrd\u00fcrmeye te\u015fvik etti\u011fine dikkat \u00e7ekti.<\/p>\n<p style=\"text-align: justify;\">D\u0131\u015fi\u015fleri ve Gurbet\u00e7iler Bakanl\u0131\u011f\u0131 mesaj\u0131n\u0131n sonunda, Suriye Arap Cumhuriyeti&#8217;nin b\u00f6lgedeki g\u00fcvenlik ve istikrara ciddi bir tehdit olu\u015fturan bu \u0130srail sald\u0131r\u0131lar\u0131n\u0131 k\u0131namadaki sorumluluklar\u0131n\u0131 yerine getirmesi i\u00e7in BM ve \u0130nsan Haklar\u0131 Konseyi&#8217;ne ba\u015fvururken, Suriye vatanda\u015flar\u0131n\u0131n h\u00fcrmeti ve egemenli\u011fini koruma konusundaki me\u015fru hakk\u0131ndaki \u0131srar\u0131n\u0131 belirterek, bu sald\u0131r\u0131lara kar\u015f\u0131, t\u00fcm uluslararas\u0131 normlar ve s\u00f6zle\u015fmelerle garanti edilen t\u00fcm me\u015fru yollarla savunma hakk\u0131n\u0131 vurgulad\u0131.<\/p>\n","protected":false},"excerpt":{"rendered":"<p>\u015eAM &#8211;\u00a0 D\u0131\u015fi\u015fleri ve Gurbet\u00e7iler Bakanl\u0131\u011f\u0131, bug\u00fcn Hama kenti \u00e7evresinde \u0130srail&#8217;in su\u00e7 te\u015fkil eden sald\u0131r\u0131s\u0131n\u0131n Suriye topraklar\u0131n\u0131n h\u00fcrmetine ve egemenli\u011fine a\u00e7\u0131k bir ihlali oldu\u011funu belirterek, \u0130nsan Haklar\u0131 Yasas\u0131 ve Uluslararas\u0131 Hukuk Yasas\u0131&#8217;n\u0131n a\u00e7\u0131k bir ihlali oldu\u011funu dile getirdi ve Birle\u015fmi\u015f Milletler ve \u0130nsan Haklar\u0131 Konseyi&#8217;ni bu sald\u0131r\u0131lar\u0131 k\u0131namak i\u00e7in sorumluluklar\u0131n\u0131 \u00fcstlenmeye \u00e7a\u011f\u0131rd\u0131. D\u0131\u015fi\u015fleri ve Gurbet\u00e7iler &hellip;<\/p>\n","protected":false},"author":1,"featured_media":226968,"comment_status":"closed","ping_status":"closed","sticky":false,"template":"","format":"standard","meta":{"footnotes":""},"categories":[479,17988,478],"tags":[],"class_list":["post-226967","post","type-post","status-publish","format-standard","has-post-thumbnail","","category-haberler-yerel","category-son-haberler","category-yerel"],"_links":{"self":[{"href":"https:\/\/archive.sana.sy\/tr\/index.php?rest_route=\/wp\/v2\/posts\/226967","targetHints":{"allow":["GET"]}}],"collection":[{"href":"https:\/\/archive.sana.sy\/tr\/index.php?rest_route=\/wp\/v2\/posts"}],"about":[{"href":"https:\/\/archive.sana.sy\/tr\/index.php?rest_route=\/wp\/v2\/types\/post"}],"author":[{"embeddable":true,"href":"https:\/\/archive.sana.sy\/tr\/index.php?rest_route=\/wp\/v2\/users\/1"}],"replies":[{"embeddable":true,"href":"https:\/\/archive.sana.sy\/tr\/index.php?rest_route=%2Fwp%2Fv2%2Fcomments&post=226967"}],"version-history":[{"count":0,"href":"https:\/\/archive.sana.sy\/tr\/index.php?rest_route=\/wp\/v2\/posts\/226967\/revisions"}],"wp:featuredmedia":[{"embeddable":true,"href":"https:\/\/archive.sana.sy\/tr\/index.php?rest_route=\/wp\/v2\/media\/226968"}],"wp:attachment":[{"href":"https:\/\/archive.sana.sy\/tr\/index.php?rest_route=%2Fwp%2Fv2%2Fmedia&parent=226967"}],"wp:term":[{"taxonomy":"category","embeddable":true,"href":"https:\/\/archive.sana.sy\/tr\/index.php?rest_route=%2Fwp%2Fv2%2Fcategories&post=226967"},{"taxonomy":"post_tag","embeddable":true,"href":"https:\/\/archive.sana.sy\/tr\/index.php?rest_route=%2Fwp%2Fv2%2Ftags&post=226967"}],"curies":[{"name":"wp","href":"https:\/\/api.w.org\/{rel}","templated":true}]}}