{"id":226973,"date":"2021-01-23T08:50:02","date_gmt":"2021-01-23T06:50:02","guid":{"rendered":"http:\/\/107.6.182.27\/tr\/?p=226973"},"modified":"2021-01-24T08:13:14","modified_gmt":"2021-01-24T06:13:14","slug":"dera-kirsalinda-2-bomba-duzenegi-patladi-3-vatandas-yaralandi","status":"publish","type":"post","link":"https:\/\/archive.sana.sy\/tr\/?p=226973","title":{"rendered":"Dera K\u0131rsal\u0131nda 2 Bomba D\u00fczene\u011fi Patlad\u0131, 3 Vatanda\u015f Yaraland\u0131"},"content":{"rendered":"<p>DERA \u2013 Dera k\u0131rsal\u0131n\u0131n kuzeybat\u0131s\u0131nda yer alan Jasim kentinde, ter\u00f6ristler taraf\u0131ndan yerle\u015ftirilen 2 bomba d\u00fczene\u011finin patlamas\u0131 sonucunda 3 vatanda\u015f yaraland\u0131.<\/p>\n<p>Dera Emniyet M\u00fcd\u00fcrl\u00fc\u011f\u00fcnden bir kaynak SANA muhabirine yapt\u0131\u011f\u0131 a\u00e7\u0131klamada, Jasim \u015fehrinin bat\u0131 mahallesinde, 2 bomba d\u00fczene\u011finin patlamas\u0131 sonucunda \u00e7e\u015fitli yaralarla 3 vatanda\u015f\u0131n yaralad\u0131\u011f\u0131n\u0131 belirtti.<\/p>\n<p>kaynak, s\u00f6z konusu yaral\u0131 vatanda\u015flar\u0131n, gerekli tedaviy g\u00f6rmeleri i\u00e7in\u00a0 El Sanameyn kentindeki askeri hastaneye kald\u0131r\u0131ld\u0131\u011f\u0131na i\u015faret etti.<\/p>\n<p>\u00c7eviri: M.Y<\/p>\n","protected":false},"excerpt":{"rendered":"<p>DERA \u2013 Dera k\u0131rsal\u0131n\u0131n kuzeybat\u0131s\u0131nda yer alan Jasim kentinde, ter\u00f6ristler taraf\u0131ndan yerle\u015ftirilen 2 bomba d\u00fczene\u011finin patlamas\u0131 sonucunda 3 vatanda\u015f yaraland\u0131. Dera Emniyet M\u00fcd\u00fcrl\u00fc\u011f\u00fcnden bir kaynak SANA muhabirine yapt\u0131\u011f\u0131 a\u00e7\u0131klamada, Jasim \u015fehrinin bat\u0131 mahallesinde, 2 bomba d\u00fczene\u011finin patlamas\u0131 sonucunda \u00e7e\u015fitli yaralarla 3 vatanda\u015f\u0131n yaralad\u0131\u011f\u0131n\u0131 belirtti. kaynak, s\u00f6z konusu yaral\u0131 vatanda\u015flar\u0131n, gerekli tedaviy g\u00f6rmeleri i\u00e7in\u00a0 El Sanameyn &hellip;<\/p>\n","protected":false},"author":36,"featured_media":226974,"comment_status":"closed","ping_status":"closed","sticky":false,"template":"","format":"standard","meta":{"footnotes":""},"categories":[479,575,17988,478],"tags":[],"class_list":["post-226973","post","type-post","status-publish","format-standard","has-post-thumbnail","","category-haberler-yerel","category-olaylar-ve-gercekler","category-son-haberler","category-yerel"],"_links":{"self":[{"href":"https:\/\/archive.sana.sy\/tr\/index.php?rest_route=\/wp\/v2\/posts\/226973","targetHints":{"allow":["GET"]}}],"collection":[{"href":"https:\/\/archive.sana.sy\/tr\/index.php?rest_route=\/wp\/v2\/posts"}],"about":[{"href":"https:\/\/archive.sana.sy\/tr\/index.php?rest_route=\/wp\/v2\/types\/post"}],"author":[{"embeddable":true,"href":"https:\/\/archive.sana.sy\/tr\/index.php?rest_route=\/wp\/v2\/users\/36"}],"replies":[{"embeddable":true,"href":"https:\/\/archive.sana.sy\/tr\/index.php?rest_route=%2Fwp%2Fv2%2Fcomments&post=226973"}],"version-history":[{"count":0,"href":"https:\/\/archive.sana.sy\/tr\/index.php?rest_route=\/wp\/v2\/posts\/226973\/revisions"}],"wp:featuredmedia":[{"embeddable":true,"href":"https:\/\/archive.sana.sy\/tr\/index.php?rest_route=\/wp\/v2\/media\/226974"}],"wp:attachment":[{"href":"https:\/\/archive.sana.sy\/tr\/index.php?rest_route=%2Fwp%2Fv2%2Fmedia&parent=226973"}],"wp:term":[{"taxonomy":"category","embeddable":true,"href":"https:\/\/archive.sana.sy\/tr\/index.php?rest_route=%2Fwp%2Fv2%2Fcategories&post=226973"},{"taxonomy":"post_tag","embeddable":true,"href":"https:\/\/archive.sana.sy\/tr\/index.php?rest_route=%2Fwp%2Fv2%2Ftags&post=226973"}],"curies":[{"name":"wp","href":"https:\/\/api.w.org\/{rel}","templated":true}]}}