{"id":226977,"date":"2021-01-23T09:17:58","date_gmt":"2021-01-23T07:17:58","guid":{"rendered":"http:\/\/107.6.182.27\/tr\/?p=226977"},"modified":"2021-01-24T08:13:17","modified_gmt":"2021-01-24T06:13:17","slug":"deyrezzor-kirsalinda-bomba-duzenegi-patladi-3-silahli-oldu","status":"publish","type":"post","link":"https:\/\/archive.sana.sy\/tr\/?p=226977","title":{"rendered":"Deyrezzor K\u0131rsal\u0131nda bomba d\u00fczene\u011fi Patlad\u0131, 3 Silahl\u0131 \u00d6ld\u00fc"},"content":{"rendered":"<p>DEYREZZOR \u2013 Deyrezzor k\u0131rsal\u0131nda yer alan el \u00d6mar petrol sahas\u0131 yak\u0131nlar\u0131nda, bir Hummer askeri arac\u0131nda bomba d\u00fczene\u011finin patlamas\u0131 conucunda 3 silahl\u0131 \u00f6ld\u00fc.<\/p>\n<p>Yerel kaynaklar SANA muhabirine, i\u015fgalci Amerikan g\u00fc\u00e7lerinin, Deyrezzor \u015fehrinin do\u011fusundaki kuvvetleri i\u00e7in \u00fcs olarak kulland\u0131\u011f\u0131 el \u00d6mar petrol sahas\u0131 yolunda &#8220;Hummer&#8221; askeri ara\u00e7ta bomba d\u00fczene\u011finin patlad\u0131\u011f\u0131n\u0131 belirtti.<\/p>\n<p>Kaynaklar, \u00f6lenlerin, i\u015fgalci Amerikan g\u00fc\u00e7lerinden mi yoksa i\u015fgalci Amerikan g\u00fc\u00e7leri taraf\u0131ndan desteklenen &#8220;DSG&#8221; milislerinden m\u0131 oldu\u011funun do\u011frulanmad\u0131\u011f\u0131na dikkat \u00e7ekti.<\/p>\n<p>Kaynaklar ayr\u0131ca, araba patlamas\u0131n\u0131n ard\u0131ndan &#8220;DSG&#8221; milislerinin i\u015fgalci Amerikan g\u00fc\u00e7lerinin deste\u011fiyle, patlaman\u0131n oldu\u011fu yere yak\u0131n Ruvey\u015fid k\u00f6y\u00fcne bask\u0131nlar d\u00fczenledi\u011fini belirtirken, 50&#8217;den fazla sivili ka\u00e7\u0131r\u0131p onlar\u0131 bilinmeyen bir yerlere g\u00f6t\u00fcrd\u00fc\u011f\u00fcne dikkat \u00e7ekti.<\/p>\n<p>\u00c7eviri: M.Y<\/p>\n","protected":false},"excerpt":{"rendered":"<p>DEYREZZOR \u2013 Deyrezzor k\u0131rsal\u0131nda yer alan el \u00d6mar petrol sahas\u0131 yak\u0131nlar\u0131nda, bir Hummer askeri arac\u0131nda bomba d\u00fczene\u011finin patlamas\u0131 conucunda 3 silahl\u0131 \u00f6ld\u00fc. Yerel kaynaklar SANA muhabirine, i\u015fgalci Amerikan g\u00fc\u00e7lerinin, Deyrezzor \u015fehrinin do\u011fusundaki kuvvetleri i\u00e7in \u00fcs olarak kulland\u0131\u011f\u0131 el \u00d6mar petrol sahas\u0131 yolunda &#8220;Hummer&#8221; askeri ara\u00e7ta bomba d\u00fczene\u011finin patlad\u0131\u011f\u0131n\u0131 belirtti. Kaynaklar, \u00f6lenlerin, i\u015fgalci Amerikan g\u00fc\u00e7lerinden mi &hellip;<\/p>\n","protected":false},"author":36,"featured_media":226978,"comment_status":"closed","ping_status":"closed","sticky":false,"template":"","format":"standard","meta":{"footnotes":""},"categories":[479,575,17988,478],"tags":[],"class_list":["post-226977","post","type-post","status-publish","format-standard","has-post-thumbnail","","category-haberler-yerel","category-olaylar-ve-gercekler","category-son-haberler","category-yerel"],"_links":{"self":[{"href":"https:\/\/archive.sana.sy\/tr\/index.php?rest_route=\/wp\/v2\/posts\/226977","targetHints":{"allow":["GET"]}}],"collection":[{"href":"https:\/\/archive.sana.sy\/tr\/index.php?rest_route=\/wp\/v2\/posts"}],"about":[{"href":"https:\/\/archive.sana.sy\/tr\/index.php?rest_route=\/wp\/v2\/types\/post"}],"author":[{"embeddable":true,"href":"https:\/\/archive.sana.sy\/tr\/index.php?rest_route=\/wp\/v2\/users\/36"}],"replies":[{"embeddable":true,"href":"https:\/\/archive.sana.sy\/tr\/index.php?rest_route=%2Fwp%2Fv2%2Fcomments&post=226977"}],"version-history":[{"count":0,"href":"https:\/\/archive.sana.sy\/tr\/index.php?rest_route=\/wp\/v2\/posts\/226977\/revisions"}],"wp:featuredmedia":[{"embeddable":true,"href":"https:\/\/archive.sana.sy\/tr\/index.php?rest_route=\/wp\/v2\/media\/226978"}],"wp:attachment":[{"href":"https:\/\/archive.sana.sy\/tr\/index.php?rest_route=%2Fwp%2Fv2%2Fmedia&parent=226977"}],"wp:term":[{"taxonomy":"category","embeddable":true,"href":"https:\/\/archive.sana.sy\/tr\/index.php?rest_route=%2Fwp%2Fv2%2Fcategories&post=226977"},{"taxonomy":"post_tag","embeddable":true,"href":"https:\/\/archive.sana.sy\/tr\/index.php?rest_route=%2Fwp%2Fv2%2Ftags&post=226977"}],"curies":[{"name":"wp","href":"https:\/\/api.w.org\/{rel}","templated":true}]}}