{"id":22706,"date":"2015-02-02T23:25:38","date_gmt":"2015-02-02T21:25:38","guid":{"rendered":"http:\/\/www.sana.sy\/tr\/?p=22706"},"modified":"2015-02-03T21:09:30","modified_gmt":"2015-02-03T19:09:30","slug":"terorle-mucadelede-ustun-basari-devam-ediyor","status":"publish","type":"post","link":"https:\/\/archive.sana.sy\/tr\/?p=22706","title":{"rendered":"Ter\u00f6rle M\u00fccadelede \u00dcst\u00fcn Ba\u015far\u0131 Devam Ediyor"},"content":{"rendered":"<p>\u0130LLER \u2013 Vatan koruyucusu ordu birliklerimiz ter\u00f6re kar\u015f\u0131 m\u00fccadelede \u00fcst\u00fcn ba\u015far\u0131lar\u0131n\u0131 s\u00fcrd\u00fcrerek bir\u00e7ok ter\u00f6r grubunu, b\u00fct\u00fcn \u00fcyeleri ve silahlar\u0131yla birlikte tamamen etkisiz hale getirdiler.<\/p>\n<p><span style=\"color: #0000ff\">Lazkiye K\u0131rsal\u0131nda Nusra Cephesine Ait Cephane Depolar\u0131 \u0130mha Edildi<\/span><\/p>\n<p>Askeri kaynak; ordu birliklerimizin Lazkiye k\u0131rsal\u0131n\u0131n Vadi, \u011eneymiye ve Rabia k\u00f6ylerinde Nusra Cephesine ait yuva ve k\u00fcmelenme yerlerini hedef ald\u0131klar\u0131n\u0131 belirtti.<\/p>\n<p>Kaynak operasyonlarda roket ve muhtelif t\u00fcr m\u00fchimmat i\u00e7eren bir\u00e7ok cephane deposuna ilaveten a\u011f\u0131r makineli silahla donat\u0131lm\u0131\u015f ara\u00e7lar\u0131n imha edildi\u011fini ifade etti.<\/p>\n<p>Operasyonlarda yabanc\u0131 uyruklu bir\u00e7ok ter\u00f6ristin \u00f6l\u00fc ve yaral\u0131 d\u00fc\u015f\u00fcr\u00fcld\u00fc\u011f\u00fcn\u00fc aktaran kaynak; \u00f6ld\u00fcr\u00fclen ter\u00f6ristler aras\u0131nda Nusra Cephesine tabi s\u00f6zde \u2018Hecra Taburunun lideri\u2019 \u00c7e\u00e7enistanl\u0131 \u2018Ebu T\u00fchama\u2019 kod adl\u0131 \u00e7ete eleba\u015f\u0131n\u0131n bulundu\u011funu belirtti.<\/p>\n<p><span style=\"color: #0000ff\">Deyrezzor K\u0131rsal\u0131nda Onlarca Ter\u00f6rist \u00d6ld\u00fcr\u00fcld\u00fc<\/span><\/p>\n<p>Bu arada askeri kaynak; ordu birliklerimizin Deyrezzor k\u0131rsal\u0131n\u0131n Cafra K\u00f6y\u00fcnde ter\u00f6ristlerin yuva ve k\u00fcmelenme yerlerini hedef ald\u0131klar\u0131n\u0131 aktard\u0131.<\/p>\n<p>Kaynak operasyonlarda I\u015e\u0130D\u2019e ait bir\u00e7ok arac\u0131n ta\u015f\u0131d\u0131\u011f\u0131 silah ve m\u00fchimmatla birlikte imha edildi\u011fini, onlarca ter\u00f6ristin de \u00f6l\u00fc ve yaral\u0131 d\u00fc\u015f\u00fcr\u00fcld\u00fc\u011f\u00fcn\u00fc s\u00f6yledi.<\/p>\n<p>Ordu birliklerimizin Deyrezzor ve k\u0131rsal\u0131nda I\u015e\u0130D ter\u00f6ristlerine y\u00f6nelik s\u00f6z konusu ba\u015far\u0131l\u0131 operasyonlarda ilerleme kaydetmesi, ge\u00e7en aylarda \u00e7evredeki k\u00f6y ve b\u00f6lgelere y\u00f6nelik ter\u00f6rist gruplar\u0131n i\u015fledi\u011fi ter\u00f6r sald\u0131r\u0131lar\u0131n\u0131n merkezi olan Mre\u2019iye k\u00f6y\u00fcnden daha fazla alanlar\u0131 kontrol\u00fc alt\u0131na almas\u0131 ard\u0131ndan geldi.<\/p>\n<p><a href=\"https:\/\/www.youtube.com\/watch?v=YuT6eRL_DRI\">https:\/\/www.youtube.com\/watch?v=YuT6eRL_DRI<\/a><\/p>\n<p><span style=\"color: #0000ff\">\u0130dlib K\u0131rsal\u0131nda Ter\u00f6ristlerin Toplanma Mevkileri Hedef Al\u0131nd\u0131<\/span><\/p>\n<p>Di\u011fer yandan ordu birliklerimiz \u0130dlib k\u0131rsal\u0131 Hellovz tavuk \u00e7iftli\u011fi, Be\u015friye, Kefar Lata, el Bera ve Serca b\u00f6lgelerinde ter\u00f6ristlerin toplanma mevkilerini hedef alarak a\u011f\u0131r silahlar\u0131 ve ara\u00e7lar\u0131n\u0131 da imha etti. Operasyonlarda \u00e7ok say\u0131da ter\u00f6rist \u00f6l\u00fc ve yaral\u0131 d\u00fc\u015f\u00fcr\u00fcld\u00fc.<\/p>\n<p>Ordu birliklerimizin \u0130dlib k\u0131rsal\u0131 Serakib, Kefar Avyid, Mecas \u00e7iftli\u011fi, Biyaa, Tel Selmo ve Broma b\u00f6lgelerine ilaveten Ebu Zuhur Nahiyesinin merkezinde yine ter\u00f6ristleri hedef ald\u0131klar\u0131n\u0131 ifade eden kaynak; buralarda da \u00e7ok say\u0131da ter\u00f6risti \u00f6l\u00fc ve yaral\u0131 d\u00fc\u015f\u00fcrd\u00fcklerini ifade etti.<\/p>\n<p><span style=\"color: #0000ff\">Dera K\u0131rsal\u0131nda I\u015e\u0130D\u2019e Karargahlar\u0131 \u0130mha Edildi<\/span><\/p>\n<p>Ordu birliklerimizin Dera k\u0131rsal\u0131n\u0131n \u015eeyh Miskin, Casim ve Enhil beldelerinde ter\u00f6ristlere ait birka\u00e7 karargah\u0131 muhtevalar\u0131yla imha ederken i\u00e7lerinde bulunan ter\u00f6ristleri m\u00fchimmatlar\u0131yla birlikte etkisiz hale getirdiklerini s\u00f6yleyen kaynak; operasyonlarda z\u0131rhl\u0131 iki arac\u0131n aralar\u0131nda bulundu\u011fu bir\u00e7ok arac\u0131 imha ettiklerini ekledi.<\/p>\n<p><span style=\"line-height: 1.5;color: #0000ff\">\u015eam K\u0131rsal\u0131nda Tekfirci ve Hainlerin A\u011f\u0131r Kay\u0131plar\u0131 S\u00fcr\u00fcyor<\/span><\/p>\n<p>\u015eam K\u0131rsal\u0131nda ordu birliklerimiz Zebedani da\u011flar\u0131, do\u011fu Guta ve Kalamun da\u011flar\u0131nda tekfiri ter\u00f6r \u00f6rg\u00fctleri h\u00fccreleri muhtelif t\u00fcr silahlarla d\u00fczenledi\u011fi ba\u015far\u0131l\u0131 operasyonlar sonucunda \u00e7ok say\u0131da ter\u00f6risri \u00f6ld\u00fcrd\u00fcler.<\/p>\n<p>SANA Saha muhabiri, ordu birliklerimizin Zebedani da\u011flar\u0131nda aralar\u0131nda \u015eeyh el Cebel lakapl\u0131 ter\u00f6rist yan\u0131 s\u0131ra Hasan Dalati, Halit \u015eabbara ve Nebil Horani\u2019nin bulundu\u011fu \u00e7ok say\u0131da ter\u00f6risti \u00f6ld\u00fcrd\u00fcklerini en az 10 ter\u00f6risti de yaralad\u0131klar\u0131n\u0131 belirttiler.<\/p>\n<p><span style=\"line-height: 1.5;color: #000000\">Saha kayna\u011f\u0131; ordu birliklerimizin \u015eam k\u0131rsal\u0131, Han el \u015eiyh ve Selam Karayolunun civar\u0131nda \u00e7ok say\u0131da ter\u00f6risti \u00f6l\u00fc ve yaral\u0131 d\u00fc\u015f\u00fcr\u00fcp silah ve m\u00fchimmatlar\u0131n\u0131 da imha ettiklerine dikkat \u00e7ekti.<\/span><\/p>\n<p>Kuzey Kalamun da\u011flar\u0131nda ise ordu birliklerimiz Vadi el Keram ile Bilad el \u015eam\u2019da Kaide\u2019nin kolu Nusra Cephesi \u00f6rg\u00fct\u00fcn\u00fcn merkezi say\u0131lan L\u00fcbnanl\u0131 Arsal Beldesi mukabilindeki Kara da\u011flar\u0131 Zemrani ve Rumiyyat ge\u00e7itlerinde, tekfiri ter\u00f6r \u00f6rg\u00fctlerinin toplanma merkez ve h\u00fccrelerini muhtelif t\u00fcr a\u011f\u0131r silahlarla hedef ald\u0131.<\/p>\n<p>Ordu birliklerimiz \u015eam\u2019da sivil yerle\u015fim alanlar\u0131n\u0131 roketli f\u00fczelerle hedef alan ba\u015fta s\u00f6zde \u201c\u0130slam ordusu\u201d olmak \u00fczere tekfiri ter\u00f6r \u00f6rg\u00fctlerinin yay\u0131ld\u0131\u011f\u0131 Duma ve \u00c7iftliklerinde ise d\u00fczenledikleri ba\u015far\u0131l\u0131 operasyonlar sonucunda b\u00fcy\u00fck miktarda silah ve cephane imha edilirken \u00e7ok say\u0131da ter\u00f6risti \u00f6ld\u00fcrd\u00fcler \u00f6len ter\u00f6ristler aras\u0131nda M\u00fcfit \u015eahir ve S\u00fcleyman Bazazi\u2019nin bulundu\u011fu ifade edildi.<\/p>\n<p><a href=\"https:\/\/www.youtube.com\/watch?v=HM1lm8eMpz4\">https:\/\/www.youtube.com\/watch?v=HM1lm8eMpz4<\/a><\/p>\n<p><span style=\"color: #0000ff\">Hama K\u0131rsal\u0131nda 23 Ter\u00f6rist \u00d6ld\u00fcr\u00fcld\u00fc<\/span><\/p>\n<p>Vatan koruyucular\u0131 ordu birliklerimiz Hama k\u0131rsal\u0131n\u0131n Hammadi \u00d6mer B\u00f6lgesinde 23 ter\u00f6risti etkisiz olarak ele ge\u00e7irdi.<\/p>\n<p>Yine Hama k\u0131rsal\u0131n\u0131n Kuzey Mkeymen B\u00f6lgesinde ise ordu birliklerimiz ter\u00f6ristlere ait bir f\u00fcze deposunu i\u00e7indeki cephane ve ter\u00f6ristlerle birlikte imha etti.<\/p>\n<p><span style=\"color: #0000ff\">Homs K\u0131rsal\u0131nda Operasyonlar Ba\u015far\u0131yla S\u00fcr\u00fcyor<\/span><\/p>\n<p>\u00d6te yandan ordu birliklerimiz Homs k\u0131rsal\u0131 \u011eanto, Deyr Fol ve Aydon b\u00f6lgelerine ilaveten do\u011fu k\u0131rsalda \u015eair Platformu civar\u0131nda ter\u00f6r \u00e7etelere y\u00f6nelik operasyonlar\u0131n\u0131 s\u00fcrd\u00fcrd\u00fc.<\/p>\n<p>Saha kaynaklar\u0131 operasyonlarda aralar\u0131nda yabanc\u0131 ve \u00e7ete eleba\u015flar\u0131n\u0131n bulundu\u011fu \u00e7ok say\u0131da ter\u00f6ristin \u00f6l\u00fc ve yaral\u0131 d\u00fc\u015f\u00fcr\u00fcld\u00fc\u011f\u00fcn\u00fc aktard\u0131.<\/p>\n<p style=\"text-align: center\"><strong><span style=\"color: #0000ff\">MA&#8217;DAR<\/span><\/strong><\/p>\n<div id='gallery-1' class='gallery galleryid-22706 gallery-columns-3 gallery-size-thumbnail'><figure class='gallery-item'>\n\t\t\t<div class='gallery-icon landscape'>\n\t\t\t\t<a href='https:\/\/archive.sana.sy\/tr\/wp-content\/uploads\/2015\/02\/Madar-1.jpg'><img loading=\"lazy\" decoding=\"async\" width=\"150\" height=\"102\" src=\"https:\/\/archive.sana.sy\/tr\/wp-content\/uploads\/2015\/02\/Madar-1-150x102.jpg\" class=\"attachment-thumbnail size-thumbnail\" alt=\"\" srcset=\"https:\/\/archive.sana.sy\/tr\/wp-content\/uploads\/2015\/02\/Madar-1-150x102.jpg 150w, https:\/\/archive.sana.sy\/tr\/wp-content\/uploads\/2015\/02\/Madar-1-300x204.jpg 300w, https:\/\/archive.sana.sy\/tr\/wp-content\/uploads\/2015\/02\/Madar-1-1024x695.jpg 1024w, https:\/\/archive.sana.sy\/tr\/wp-content\/uploads\/2015\/02\/Madar-1.jpg 1353w\" sizes=\"auto, (max-width: 150px) 100vw, 150px\" \/><\/a>\n\t\t\t<\/div><\/figure><figure class='gallery-item'>\n\t\t\t<div class='gallery-icon landscape'>\n\t\t\t\t<a href='https:\/\/archive.sana.sy\/tr\/wp-content\/uploads\/2015\/02\/Madar-2.jpg'><img loading=\"lazy\" decoding=\"async\" width=\"150\" height=\"106\" src=\"https:\/\/archive.sana.sy\/tr\/wp-content\/uploads\/2015\/02\/Madar-2-150x106.jpg\" class=\"attachment-thumbnail size-thumbnail\" alt=\"\" srcset=\"https:\/\/archive.sana.sy\/tr\/wp-content\/uploads\/2015\/02\/Madar-2-150x106.jpg 150w, https:\/\/archive.sana.sy\/tr\/wp-content\/uploads\/2015\/02\/Madar-2-300x212.jpg 300w, https:\/\/archive.sana.sy\/tr\/wp-content\/uploads\/2015\/02\/Madar-2-1024x725.jpg 1024w, https:\/\/archive.sana.sy\/tr\/wp-content\/uploads\/2015\/02\/Madar-2.jpg 1317w\" sizes=\"auto, (max-width: 150px) 100vw, 150px\" \/><\/a>\n\t\t\t<\/div><\/figure><figure class='gallery-item'>\n\t\t\t<div class='gallery-icon landscape'>\n\t\t\t\t<a href='https:\/\/archive.sana.sy\/tr\/wp-content\/uploads\/2015\/02\/Madar-3.jpg'><img loading=\"lazy\" decoding=\"async\" width=\"150\" height=\"111\" src=\"https:\/\/archive.sana.sy\/tr\/wp-content\/uploads\/2015\/02\/Madar-3-150x111.jpg\" class=\"attachment-thumbnail size-thumbnail\" alt=\"\" srcset=\"https:\/\/archive.sana.sy\/tr\/wp-content\/uploads\/2015\/02\/Madar-3-150x111.jpg 150w, https:\/\/archive.sana.sy\/tr\/wp-content\/uploads\/2015\/02\/Madar-3-300x222.jpg 300w, https:\/\/archive.sana.sy\/tr\/wp-content\/uploads\/2015\/02\/Madar-3-1024x758.jpg 1024w, https:\/\/archive.sana.sy\/tr\/wp-content\/uploads\/2015\/02\/Madar-3.jpg 1278w\" sizes=\"auto, (max-width: 150px) 100vw, 150px\" \/><\/a>\n\t\t\t<\/div><\/figure><figure class='gallery-item'>\n\t\t\t<div class='gallery-icon landscape'>\n\t\t\t\t<a href='https:\/\/archive.sana.sy\/tr\/wp-content\/uploads\/2015\/02\/Madar-4.jpg'><img loading=\"lazy\" decoding=\"async\" width=\"150\" height=\"107\" src=\"https:\/\/archive.sana.sy\/tr\/wp-content\/uploads\/2015\/02\/Madar-4-150x107.jpg\" class=\"attachment-thumbnail size-thumbnail\" alt=\"\" srcset=\"https:\/\/archive.sana.sy\/tr\/wp-content\/uploads\/2015\/02\/Madar-4-150x107.jpg 150w, https:\/\/archive.sana.sy\/tr\/wp-content\/uploads\/2015\/02\/Madar-4-300x214.jpg 300w, https:\/\/archive.sana.sy\/tr\/wp-content\/uploads\/2015\/02\/Madar-4-1024x730.jpg 1024w, https:\/\/archive.sana.sy\/tr\/wp-content\/uploads\/2015\/02\/Madar-4.jpg 1338w\" sizes=\"auto, (max-width: 150px) 100vw, 150px\" \/><\/a>\n\t\t\t<\/div><\/figure><figure class='gallery-item'>\n\t\t\t<div class='gallery-icon landscape'>\n\t\t\t\t<a href='https:\/\/archive.sana.sy\/tr\/wp-content\/uploads\/2015\/02\/Madar-5.jpg'><img loading=\"lazy\" decoding=\"async\" width=\"150\" height=\"102\" src=\"https:\/\/archive.sana.sy\/tr\/wp-content\/uploads\/2015\/02\/Madar-5-150x102.jpg\" class=\"attachment-thumbnail size-thumbnail\" alt=\"\" srcset=\"https:\/\/archive.sana.sy\/tr\/wp-content\/uploads\/2015\/02\/Madar-5-150x102.jpg 150w, https:\/\/archive.sana.sy\/tr\/wp-content\/uploads\/2015\/02\/Madar-5-300x203.jpg 300w, https:\/\/archive.sana.sy\/tr\/wp-content\/uploads\/2015\/02\/Madar-5-1024x694.jpg 1024w, https:\/\/archive.sana.sy\/tr\/wp-content\/uploads\/2015\/02\/Madar-5.jpg 1308w\" sizes=\"auto, (max-width: 150px) 100vw, 150px\" \/><\/a>\n\t\t\t<\/div><\/figure>\n\t\t<\/div>\n\n<p style=\"text-align: center\"><span style=\"color: #0000ff\"><strong>MRE&#8217;\u0130YE<\/strong><\/span><\/p>\n<div id='gallery-2' class='gallery galleryid-22706 gallery-columns-3 gallery-size-thumbnail'><figure class='gallery-item'>\n\t\t\t<div class='gallery-icon landscape'>\n\t\t\t\t<a href='https:\/\/archive.sana.sy\/tr\/wp-content\/uploads\/2015\/02\/Mreiye.jpg'><img loading=\"lazy\" decoding=\"async\" width=\"150\" height=\"100\" src=\"https:\/\/archive.sana.sy\/tr\/wp-content\/uploads\/2015\/02\/Mreiye-150x100.jpg\" class=\"attachment-thumbnail size-thumbnail\" alt=\"\" srcset=\"https:\/\/archive.sana.sy\/tr\/wp-content\/uploads\/2015\/02\/Mreiye-150x100.jpg 150w, https:\/\/archive.sana.sy\/tr\/wp-content\/uploads\/2015\/02\/Mreiye-300x199.jpg 300w, https:\/\/archive.sana.sy\/tr\/wp-content\/uploads\/2015\/02\/Mreiye.jpg 720w\" sizes=\"auto, (max-width: 150px) 100vw, 150px\" \/><\/a>\n\t\t\t<\/div><\/figure><figure class='gallery-item'>\n\t\t\t<div class='gallery-icon landscape'>\n\t\t\t\t<a href='https:\/\/archive.sana.sy\/tr\/wp-content\/uploads\/2015\/02\/Mreiye-1.jpg'><img loading=\"lazy\" decoding=\"async\" width=\"150\" height=\"93\" src=\"https:\/\/archive.sana.sy\/tr\/wp-content\/uploads\/2015\/02\/Mreiye-1-150x93.jpg\" class=\"attachment-thumbnail size-thumbnail\" alt=\"\" srcset=\"https:\/\/archive.sana.sy\/tr\/wp-content\/uploads\/2015\/02\/Mreiye-1-150x93.jpg 150w, https:\/\/archive.sana.sy\/tr\/wp-content\/uploads\/2015\/02\/Mreiye-1-300x187.jpg 300w, https:\/\/archive.sana.sy\/tr\/wp-content\/uploads\/2015\/02\/Mreiye-1.jpg 720w\" sizes=\"auto, (max-width: 150px) 100vw, 150px\" \/><\/a>\n\t\t\t<\/div><\/figure><figure class='gallery-item'>\n\t\t\t<div class='gallery-icon landscape'>\n\t\t\t\t<a href='https:\/\/archive.sana.sy\/tr\/wp-content\/uploads\/2015\/02\/Mreiye-2.jpg'><img loading=\"lazy\" decoding=\"async\" width=\"150\" height=\"90\" src=\"https:\/\/archive.sana.sy\/tr\/wp-content\/uploads\/2015\/02\/Mreiye-2-150x90.jpg\" class=\"attachment-thumbnail size-thumbnail\" alt=\"\" srcset=\"https:\/\/archive.sana.sy\/tr\/wp-content\/uploads\/2015\/02\/Mreiye-2-150x90.jpg 150w, https:\/\/archive.sana.sy\/tr\/wp-content\/uploads\/2015\/02\/Mreiye-2-300x180.jpg 300w, https:\/\/archive.sana.sy\/tr\/wp-content\/uploads\/2015\/02\/Mreiye-2.jpg 720w\" sizes=\"auto, (max-width: 150px) 100vw, 150px\" \/><\/a>\n\t\t\t<\/div><\/figure><figure class='gallery-item'>\n\t\t\t<div class='gallery-icon landscape'>\n\t\t\t\t<a href='https:\/\/archive.sana.sy\/tr\/wp-content\/uploads\/2015\/02\/Mreiye-3.jpg'><img loading=\"lazy\" decoding=\"async\" width=\"150\" height=\"94\" src=\"https:\/\/archive.sana.sy\/tr\/wp-content\/uploads\/2015\/02\/Mreiye-3-150x94.jpg\" class=\"attachment-thumbnail size-thumbnail\" alt=\"\" srcset=\"https:\/\/archive.sana.sy\/tr\/wp-content\/uploads\/2015\/02\/Mreiye-3-150x94.jpg 150w, https:\/\/archive.sana.sy\/tr\/wp-content\/uploads\/2015\/02\/Mreiye-3-300x188.jpg 300w, https:\/\/archive.sana.sy\/tr\/wp-content\/uploads\/2015\/02\/Mreiye-3.jpg 720w\" sizes=\"auto, (max-width: 150px) 100vw, 150px\" \/><\/a>\n\t\t\t<\/div><\/figure><figure class='gallery-item'>\n\t\t\t<div class='gallery-icon landscape'>\n\t\t\t\t<a href='https:\/\/archive.sana.sy\/tr\/wp-content\/uploads\/2015\/02\/Mreiye-4.jpg'><img loading=\"lazy\" decoding=\"async\" width=\"150\" height=\"92\" src=\"https:\/\/archive.sana.sy\/tr\/wp-content\/uploads\/2015\/02\/Mreiye-4-150x92.jpg\" class=\"attachment-thumbnail size-thumbnail\" alt=\"\" srcset=\"https:\/\/archive.sana.sy\/tr\/wp-content\/uploads\/2015\/02\/Mreiye-4-150x92.jpg 150w, https:\/\/archive.sana.sy\/tr\/wp-content\/uploads\/2015\/02\/Mreiye-4-300x185.jpg 300w, https:\/\/archive.sana.sy\/tr\/wp-content\/uploads\/2015\/02\/Mreiye-4.jpg 720w\" sizes=\"auto, (max-width: 150px) 100vw, 150px\" \/><\/a>\n\t\t\t<\/div><\/figure>\n\t\t<\/div>\n\n<p>M.M. &#8211; A.A. &#8211; S.\u015e. &#8211; R.H.<\/p>\n","protected":false},"excerpt":{"rendered":"<p>\u0130LLER \u2013 Vatan koruyucusu ordu birliklerimiz ter\u00f6re kar\u015f\u0131 m\u00fccadelede \u00fcst\u00fcn ba\u015far\u0131lar\u0131n\u0131 s\u00fcrd\u00fcrerek bir\u00e7ok ter\u00f6r grubunu, b\u00fct\u00fcn \u00fcyeleri ve silahlar\u0131yla birlikte tamamen etkisiz hale getirdiler. Lazkiye K\u0131rsal\u0131nda Nusra Cephesine Ait Cephane Depolar\u0131 \u0130mha Edildi Askeri kaynak; ordu birliklerimizin Lazkiye k\u0131rsal\u0131n\u0131n Vadi, \u011eneymiye ve Rabia k\u00f6ylerinde Nusra Cephesine ait yuva ve k\u00fcmelenme yerlerini hedef ald\u0131klar\u0131n\u0131 belirtti. Kaynak &hellip;<\/p>\n","protected":false},"author":1,"featured_media":22708,"comment_status":"closed","ping_status":"closed","sticky":false,"template":"","format":"standard","meta":{"footnotes":""},"categories":[575],"tags":[11133,11132,11134],"class_list":["post-22706","post","type-post","status-publish","format-standard","has-post-thumbnail","","category-olaylar-ve-gercekler","tag-butun-uyeleri-ve-silahlariyla-birlikte-tamamen-etkisiz-hale-getirdiler","tag-iller-vatan-koruyucusu-ordu-birliklerimiz-terore-karsi-mucadelede-ustun-basarilarini-surdurerek-bircok-teror-grubunu","tag-terorle-mucadelede-ustun-basari-devam-ediyor"],"_links":{"self":[{"href":"https:\/\/archive.sana.sy\/tr\/index.php?rest_route=\/wp\/v2\/posts\/22706","targetHints":{"allow":["GET"]}}],"collection":[{"href":"https:\/\/archive.sana.sy\/tr\/index.php?rest_route=\/wp\/v2\/posts"}],"about":[{"href":"https:\/\/archive.sana.sy\/tr\/index.php?rest_route=\/wp\/v2\/types\/post"}],"author":[{"embeddable":true,"href":"https:\/\/archive.sana.sy\/tr\/index.php?rest_route=\/wp\/v2\/users\/1"}],"replies":[{"embeddable":true,"href":"https:\/\/archive.sana.sy\/tr\/index.php?rest_route=%2Fwp%2Fv2%2Fcomments&post=22706"}],"version-history":[{"count":0,"href":"https:\/\/archive.sana.sy\/tr\/index.php?rest_route=\/wp\/v2\/posts\/22706\/revisions"}],"wp:featuredmedia":[{"embeddable":true,"href":"https:\/\/archive.sana.sy\/tr\/index.php?rest_route=\/wp\/v2\/media\/22708"}],"wp:attachment":[{"href":"https:\/\/archive.sana.sy\/tr\/index.php?rest_route=%2Fwp%2Fv2%2Fmedia&parent=22706"}],"wp:term":[{"taxonomy":"category","embeddable":true,"href":"https:\/\/archive.sana.sy\/tr\/index.php?rest_route=%2Fwp%2Fv2%2Fcategories&post=22706"},{"taxonomy":"post_tag","embeddable":true,"href":"https:\/\/archive.sana.sy\/tr\/index.php?rest_route=%2Fwp%2Fv2%2Ftags&post=22706"}],"curies":[{"name":"wp","href":"https:\/\/api.w.org\/{rel}","templated":true}]}}