{"id":227113,"date":"2021-01-24T17:41:19","date_gmt":"2021-01-24T15:41:19","guid":{"rendered":"http:\/\/107.6.182.27\/tr\/?p=227113"},"modified":"2021-01-25T13:49:11","modified_gmt":"2021-01-25T11:49:11","slug":"amerikali-gazeteci-bideni-suriyeye-uygulanan-zalim-icraatlarin-kaldirilmasi-ve-topraklarinin-isgalini-sona-erdirmesini-talep-etti","status":"publish","type":"post","link":"https:\/\/archive.sana.sy\/tr\/?p=227113","title":{"rendered":"Amerikal\u0131 Gazeteci Biden&#8217;\u0131 Suriye&#8217;ye Uygulanan Zalim \u0130craatlar\u0131n Kald\u0131r\u0131lmas\u0131 Ve Topraklar\u0131n\u0131n \u0130\u015fgalini Sona Erdirmesini Talep Etti"},"content":{"rendered":"<p style=\"text-align: justify;\">OTTAVA &#8211; Amerikal\u0131 gazeteci ve eski ABD Senat\u00f6r\u00fc Richard Black&#8217;in yard\u0131mc\u0131s\u0131 Janice Kurt Camp, ABD Ba\u015fkan\u0131 Joe Biden&#8217;\u0131, Washington&#8217;un Suriye&#8217;ye dayatt\u0131\u011f\u0131 tek tarafl\u0131 zorlay\u0131c\u0131 \u00f6nlemleri kald\u0131rmaya ve \u00fclkesinin d\u00fcnyadaki g\u00fcvenilirli\u011fini geri kazanmak istiyorsa ABD&#8217;nin topraklar\u0131n\u0131 yasad\u0131\u015f\u0131 i\u015fgaline son vermeye \u00e7a\u011f\u0131rd\u0131.<\/p>\n<p style=\"text-align: justify;\">Kanadal\u0131 Global Research internet sitesinde, Court Camp&#8217;in ABD yapt\u0131r\u0131mlar\u0131n\u0131n ve Suriye&#8217;ye uygulad\u0131\u011f\u0131 ablukan\u0131n, ekonomiyi sabote etti\u011fi ve Suriyelileri a\u00e7 b\u0131rakt\u0131\u011f\u0131 i\u00e7in ba\u015fta Suriye halk\u0131na zarar verdi\u011fini s\u00f6yledi\u011fini ve bunun &#8220;asl\u0131nda t\u00fcm halklara kar\u015f\u0131 ekonomik ter\u00f6rizm&#8221; oldu\u011funu belirterek, Biden&#8217;\u0131n ayr\u0131ca ABD ve m\u00fcttefiklerinin Suriye topraklar\u0131nda \u00e7al\u0131\u015fan paral\u0131 askerler ve kiral\u0131klarla yasad\u0131\u015f\u0131 i\u015fine son vermesi gerekti\u011fini de s\u00f6zlerine ekledi. Washington&#8217;un Suriye&#8217;nin en zengin petrol sahalar\u0131ndaki topraklar\u0131 i\u015fgal etti\u011fini, ya\u011fmalanm\u0131\u015f petrol\u00fc satt\u0131\u011f\u0131n\u0131, s\u00f6z konusu kiral\u0131k ter\u00f6ristleri finanse ederek silahland\u0131rd\u0131\u011f\u0131n\u0131 ve e\u011fitti\u011fini, ayr\u0131ca Suriyelilerin \u00fclkelerini yeniden in\u015fa etmek i\u00e7in ordusunun da \u0130dlib&#8217;deki ter\u00f6ristlerle di\u011fer b\u00f6lgelerde bulunan &#8220;I\u015e\u0130D&#8221; ter\u00f6r \u00f6rg\u00fct\u00fc h\u00fccrelerini hezimete u\u011fratmak i\u00e7in ihtiya\u00e7 duydu\u011fu yak\u0131ttan mahrum b\u0131rakmaya \u00e7al\u0131\u015ft\u0131\u011f\u0131n\u0131 s\u00f6yledi.<\/p>\n<p style=\"text-align: justify;\">Kurt Camp ayr\u0131ca ABD Ba\u015fkan\u0131&#8217;na \u0130srail i\u015fgal varl\u0131\u011f\u0131 ve T\u00fcrk rejimine Suriye topraklar\u0131n\u0131 yasad\u0131\u015f\u0131 i\u015fgallerini sona erdirmeleri, Suriye devletinin egemenli\u011fine y\u00f6nelik hukuksuz ve s\u00fcrekli sald\u0131r\u0131lar\u0131na son vermeleri ve bir\u00e7ok ter\u00f6rist gruba verdikleri deste\u011fi sona erdirmeleri i\u00e7in bask\u0131 yapmaya \u00e7a\u011f\u0131rarak, Suriyeli sivillerin Suriye&#8217;de Amerikan y\u00f6netimleri ve m\u00fcttefikleri taraf\u0131ndan desteklenen ter\u00f6r ma\u011fduru oldu\u011funu, y\u00fczbinlerce ki\u015finin sevdiklerini g\u00f6md\u00fc\u011f\u00fcn\u00fc, milyonlarca Suriyelinin \u00fclke i\u00e7inde veya d\u0131\u015f\u0131nda g\u00f6\u00e7 etmek zorunda kald\u0131\u011f\u0131n\u0131, \u015fehirlerin ve altyap\u0131n\u0131n geni\u015f alanlar\u0131n\u0131n yok edildi\u011fini veya \u00f6l\u00fcm ve y\u0131k\u0131m getirmekle g\u00f6revlendirilen ter\u00f6ristler taraf\u0131ndan a\u011f\u0131r hasar g\u00f6rd\u00fc\u011f\u00fcn\u00fc vurgulad\u0131.<\/p>\n<p style=\"text-align: justify;\">Gazeteci, ABD&#8217;yi Suriye&#8217;ye y\u00f6nelik sald\u0131rganl\u0131\u011fa bir kez daha son vermeye \u00e7a\u011f\u0131rarak: &#8220;\u00f6zellikle ger\u00e7ekte yaln\u0131zca Bat\u0131 ile \u00e7\u0131kar ve sayg\u0131ya dayal\u0131 kar\u015f\u0131l\u0131kl\u0131 ili\u015fkiler istemesi nedeniyle Ba\u015fkan Biden bu &#8220;kanl\u0131 delili\u011fe&#8221; son vermelidir&#8221; diyerek makalesini bitirdi.<\/p>\n","protected":false},"excerpt":{"rendered":"<p>OTTAVA &#8211; Amerikal\u0131 gazeteci ve eski ABD Senat\u00f6r\u00fc Richard Black&#8217;in yard\u0131mc\u0131s\u0131 Janice Kurt Camp, ABD Ba\u015fkan\u0131 Joe Biden&#8217;\u0131, Washington&#8217;un Suriye&#8217;ye dayatt\u0131\u011f\u0131 tek tarafl\u0131 zorlay\u0131c\u0131 \u00f6nlemleri kald\u0131rmaya ve \u00fclkesinin d\u00fcnyadaki g\u00fcvenilirli\u011fini geri kazanmak istiyorsa ABD&#8217;nin topraklar\u0131n\u0131 yasad\u0131\u015f\u0131 i\u015fgaline son vermeye \u00e7a\u011f\u0131rd\u0131. Kanadal\u0131 Global Research internet sitesinde, Court Camp&#8217;in ABD yapt\u0131r\u0131mlar\u0131n\u0131n ve Suriye&#8217;ye uygulad\u0131\u011f\u0131 ablukan\u0131n, ekonomiyi sabote &hellip;<\/p>\n","protected":false},"author":1,"featured_media":227114,"comment_status":"closed","ping_status":"closed","sticky":false,"template":"","format":"standard","meta":{"footnotes":""},"categories":[556,458,559,459,17988],"tags":[],"class_list":["post-227113","post","type-post","status-publish","format-standard","has-post-thumbnail","","category-basin","category-dunya1","category-dunya-basini","category-haberler-arap-uluslararasi-politika","category-son-haberler"],"_links":{"self":[{"href":"https:\/\/archive.sana.sy\/tr\/index.php?rest_route=\/wp\/v2\/posts\/227113","targetHints":{"allow":["GET"]}}],"collection":[{"href":"https:\/\/archive.sana.sy\/tr\/index.php?rest_route=\/wp\/v2\/posts"}],"about":[{"href":"https:\/\/archive.sana.sy\/tr\/index.php?rest_route=\/wp\/v2\/types\/post"}],"author":[{"embeddable":true,"href":"https:\/\/archive.sana.sy\/tr\/index.php?rest_route=\/wp\/v2\/users\/1"}],"replies":[{"embeddable":true,"href":"https:\/\/archive.sana.sy\/tr\/index.php?rest_route=%2Fwp%2Fv2%2Fcomments&post=227113"}],"version-history":[{"count":0,"href":"https:\/\/archive.sana.sy\/tr\/index.php?rest_route=\/wp\/v2\/posts\/227113\/revisions"}],"wp:featuredmedia":[{"embeddable":true,"href":"https:\/\/archive.sana.sy\/tr\/index.php?rest_route=\/wp\/v2\/media\/227114"}],"wp:attachment":[{"href":"https:\/\/archive.sana.sy\/tr\/index.php?rest_route=%2Fwp%2Fv2%2Fmedia&parent=227113"}],"wp:term":[{"taxonomy":"category","embeddable":true,"href":"https:\/\/archive.sana.sy\/tr\/index.php?rest_route=%2Fwp%2Fv2%2Fcategories&post=227113"},{"taxonomy":"post_tag","embeddable":true,"href":"https:\/\/archive.sana.sy\/tr\/index.php?rest_route=%2Fwp%2Fv2%2Ftags&post=227113"}],"curies":[{"name":"wp","href":"https:\/\/api.w.org\/{rel}","templated":true}]}}