{"id":227116,"date":"2021-01-24T17:59:32","date_gmt":"2021-01-24T15:59:32","guid":{"rendered":"http:\/\/107.6.182.27\/tr\/?p=227116"},"modified":"2021-01-25T13:49:37","modified_gmt":"2021-01-25T11:49:37","slug":"dsg-milisleri-deyrezzor-kirsalinda-siviller-ait-onlarca-evi-yikarak-3-kisiyi-kacirdi","status":"publish","type":"post","link":"https:\/\/archive.sana.sy\/tr\/?p=227116","title":{"rendered":"DSG Milisleri Deyrezzor K\u0131rsal\u0131nda Siviller Ait Onlarca Evi Y\u0131karak 3 Ki\u015fiyi Ka\u00e7\u0131rd\u0131"},"content":{"rendered":"<p style=\"text-align: justify;\">B\u00f6lgedeki yerel kaynaklar SANA&#8217;ya a\u00e7\u0131klamalar\u0131nda, &#8220;DSG&#8221; milislerine ait buldozer ve y\u0131k\u0131m ara\u00e7lar\u0131n\u0131n, \u00e7e\u015fitli bahanelerle Hezime Bulvar\u0131n\u0131n kuzeyinde onlarca evi buldozerlerle y\u0131kan milis silahl\u0131lar\u0131na destek verdi\u011fini s\u00f6yledi. Deyrezzor&#8217;un do\u011fu k\u0131rsal\u0131nda da, &#8220;DSG&#8221; milisleri, b\u00f6lge sakinlerinin milislerin varl\u0131\u011f\u0131n\u0131, kontrol noktalar\u0131n\u0131 ve b\u00f6lgedeki konu\u015flanma noktalar\u0131n\u0131 reddetmeleri ortam\u0131nda, El \u015eahil beldesinden 3 sivili ka\u00e7\u0131rd\u0131.<\/p>\n<p style=\"text-align: justify;\">Yerel kaynaklar SANA&#8217;ya a\u00e7\u0131klamas\u0131nda, bask\u0131c\u0131 politikalar\u0131 ve halka y\u00f6nelik k\u0131s\u0131tlamalar\u0131 \u00e7er\u00e7evesinde, &#8220;DSG&#8221; milislerine ba\u011fl\u0131 silahl\u0131 gruplar\u0131n, Deyrezzor&#8217;un do\u011fu k\u0131rsal\u0131ndaki Al-Busayra Nahiyesine ba\u011fl\u0131 el \u015eahil beldesinden 3 sivili ka\u00e7\u0131rd\u0131\u011f\u0131n\u0131 s\u00f6yledi.<\/p>\n<p style=\"text-align: justify;\">Kaynaklar, &#8220;DSG&#8221; milislerinin tekrarlanan sald\u0131r\u0131lar\u0131n\u0131 cayd\u0131rmak ve evlere bask\u0131n yapmas\u0131n\u0131 \u00f6nlemek amac\u0131yla, savunmas\u0131z sakinlerin kent merkezinde topland\u0131\u011f\u0131na, DSG milislerinin de halk\u0131 da\u011f\u0131tmak i\u00e7in silah kulland\u0131\u011f\u0131na dikkat \u00e7ekti.<\/p>\n","protected":false},"excerpt":{"rendered":"<p>B\u00f6lgedeki yerel kaynaklar SANA&#8217;ya a\u00e7\u0131klamalar\u0131nda, &#8220;DSG&#8221; milislerine ait buldozer ve y\u0131k\u0131m ara\u00e7lar\u0131n\u0131n, \u00e7e\u015fitli bahanelerle Hezime Bulvar\u0131n\u0131n kuzeyinde onlarca evi buldozerlerle y\u0131kan milis silahl\u0131lar\u0131na destek verdi\u011fini s\u00f6yledi. Deyrezzor&#8217;un do\u011fu k\u0131rsal\u0131nda da, &#8220;DSG&#8221; milisleri, b\u00f6lge sakinlerinin milislerin varl\u0131\u011f\u0131n\u0131, kontrol noktalar\u0131n\u0131 ve b\u00f6lgedeki konu\u015flanma noktalar\u0131n\u0131 reddetmeleri ortam\u0131nda, El \u015eahil beldesinden 3 sivili ka\u00e7\u0131rd\u0131. Yerel kaynaklar SANA&#8217;ya a\u00e7\u0131klamas\u0131nda, bask\u0131c\u0131 &hellip;<\/p>\n","protected":false},"author":1,"featured_media":227117,"comment_status":"closed","ping_status":"closed","sticky":false,"template":"","format":"standard","meta":{"footnotes":""},"categories":[575,17988],"tags":[],"class_list":["post-227116","post","type-post","status-publish","format-standard","has-post-thumbnail","","category-olaylar-ve-gercekler","category-son-haberler"],"_links":{"self":[{"href":"https:\/\/archive.sana.sy\/tr\/index.php?rest_route=\/wp\/v2\/posts\/227116","targetHints":{"allow":["GET"]}}],"collection":[{"href":"https:\/\/archive.sana.sy\/tr\/index.php?rest_route=\/wp\/v2\/posts"}],"about":[{"href":"https:\/\/archive.sana.sy\/tr\/index.php?rest_route=\/wp\/v2\/types\/post"}],"author":[{"embeddable":true,"href":"https:\/\/archive.sana.sy\/tr\/index.php?rest_route=\/wp\/v2\/users\/1"}],"replies":[{"embeddable":true,"href":"https:\/\/archive.sana.sy\/tr\/index.php?rest_route=%2Fwp%2Fv2%2Fcomments&post=227116"}],"version-history":[{"count":0,"href":"https:\/\/archive.sana.sy\/tr\/index.php?rest_route=\/wp\/v2\/posts\/227116\/revisions"}],"wp:featuredmedia":[{"embeddable":true,"href":"https:\/\/archive.sana.sy\/tr\/index.php?rest_route=\/wp\/v2\/media\/227117"}],"wp:attachment":[{"href":"https:\/\/archive.sana.sy\/tr\/index.php?rest_route=%2Fwp%2Fv2%2Fmedia&parent=227116"}],"wp:term":[{"taxonomy":"category","embeddable":true,"href":"https:\/\/archive.sana.sy\/tr\/index.php?rest_route=%2Fwp%2Fv2%2Fcategories&post=227116"},{"taxonomy":"post_tag","embeddable":true,"href":"https:\/\/archive.sana.sy\/tr\/index.php?rest_route=%2Fwp%2Fv2%2Ftags&post=227116"}],"curies":[{"name":"wp","href":"https:\/\/api.w.org\/{rel}","templated":true}]}}