{"id":227119,"date":"2021-01-24T20:46:13","date_gmt":"2021-01-24T18:46:13","guid":{"rendered":"http:\/\/107.6.182.27\/tr\/?p=227119"},"modified":"2021-01-26T08:15:07","modified_gmt":"2021-01-26T06:15:07","slug":"mikdad-hindistan-hukumetinin-terorizme-karsi-savasinda-suriyeyi-destekleyen-tutumundan-dolayi-takdir-ediyoruz","status":"publish","type":"post","link":"https:\/\/archive.sana.sy\/tr\/?p=227119","title":{"rendered":"Mikdad, Hindistan H\u00fck\u00fcmetinin Ter\u00f6rizme Kar\u015f\u0131 Sava\u015f\u0131nda Suriye&#8217;yi Destekleyen Tutumundan Dolay\u0131 Takdir Ediyoruz"},"content":{"rendered":"<p style=\"text-align: justify;\">\u015eAM &#8211; D\u0131\u015fi\u015fleri ve Gurbet\u00e7iler Bakan\u0131 Dr. Faysal Mikdad bug\u00fcn Hindistan&#8217;\u0131n Suriye Arap Cumhuriyeti B\u00fcy\u00fckel\u00e7isi H\u0131fz El Rahman&#8217;\u0131 kabul etti ve g\u00f6r\u00fc\u015fmede iki \u00fclke aras\u0131ndaki dostane ve sa\u011flam ili\u015fkiler ele al\u0131nd\u0131.<\/p>\n<p style=\"text-align: justify;\">Bakan Mikdad, Suriye&#8217;nin uluslararas\u0131 forumlarda siyasi destek yoluyla Hindistan h\u00fck\u00fcmetinin ter\u00f6rizme kar\u015f\u0131 sava\u015f\u0131ndaki destekleyici duru\u015funu takdir etti\u011fini ifade etti ve Hindistan&#8217;\u0131n bir parti anti-Coronavir\u00fcs a\u015f\u0131s\u0131 sa\u011flama isteklili\u011fi ele al\u0131nd\u0131.<\/p>\n<p style=\"text-align: justify;\">B\u00fcy\u00fckel\u00e7i H\u0131fz El Rahman ise Hindistan ile Suriye aras\u0131ndaki dostane ili\u015fkilerinin derinli\u011fine dikkat \u00e7ekerek, Hindistan h\u00fck\u00fcmetinin Suriye-Hindistan ili\u015fkilerini derinle\u015ftirmek ve g\u00fc\u00e7lendirmek i\u00e7in ortak \u00e7al\u0131\u015fmaya devam etme iste\u011fini vurgulad\u0131. Toplant\u0131ya Asya Departman\u0131 Direkt\u00f6r\u00fc B\u00fcy\u00fckel\u00e7i R\u0131dvan Lutfi, Bakan Ofisi Direkt\u00f6r\u00fc Dr. Abdullah Hallak ve Bakan Ofisi&#8217;nden Rua \u015eurbaci kat\u0131ld\u0131.<\/p>\n","protected":false},"excerpt":{"rendered":"<p>\u015eAM &#8211; D\u0131\u015fi\u015fleri ve Gurbet\u00e7iler Bakan\u0131 Dr. Faysal Mikdad bug\u00fcn Hindistan&#8217;\u0131n Suriye Arap Cumhuriyeti B\u00fcy\u00fckel\u00e7isi H\u0131fz El Rahman&#8217;\u0131 kabul etti ve g\u00f6r\u00fc\u015fmede iki \u00fclke aras\u0131ndaki dostane ve sa\u011flam ili\u015fkiler ele al\u0131nd\u0131. Bakan Mikdad, Suriye&#8217;nin uluslararas\u0131 forumlarda siyasi destek yoluyla Hindistan h\u00fck\u00fcmetinin ter\u00f6rizme kar\u015f\u0131 sava\u015f\u0131ndaki destekleyici duru\u015funu takdir etti\u011fini ifade etti ve Hindistan&#8217;\u0131n bir parti anti-Coronavir\u00fcs &hellip;<\/p>\n","protected":false},"author":1,"featured_media":227120,"comment_status":"closed","ping_status":"closed","sticky":false,"template":"","format":"standard","meta":{"footnotes":""},"categories":[479,17988,478],"tags":[],"class_list":["post-227119","post","type-post","status-publish","format-standard","has-post-thumbnail","","category-haberler-yerel","category-son-haberler","category-yerel"],"_links":{"self":[{"href":"https:\/\/archive.sana.sy\/tr\/index.php?rest_route=\/wp\/v2\/posts\/227119","targetHints":{"allow":["GET"]}}],"collection":[{"href":"https:\/\/archive.sana.sy\/tr\/index.php?rest_route=\/wp\/v2\/posts"}],"about":[{"href":"https:\/\/archive.sana.sy\/tr\/index.php?rest_route=\/wp\/v2\/types\/post"}],"author":[{"embeddable":true,"href":"https:\/\/archive.sana.sy\/tr\/index.php?rest_route=\/wp\/v2\/users\/1"}],"replies":[{"embeddable":true,"href":"https:\/\/archive.sana.sy\/tr\/index.php?rest_route=%2Fwp%2Fv2%2Fcomments&post=227119"}],"version-history":[{"count":0,"href":"https:\/\/archive.sana.sy\/tr\/index.php?rest_route=\/wp\/v2\/posts\/227119\/revisions"}],"wp:featuredmedia":[{"embeddable":true,"href":"https:\/\/archive.sana.sy\/tr\/index.php?rest_route=\/wp\/v2\/media\/227120"}],"wp:attachment":[{"href":"https:\/\/archive.sana.sy\/tr\/index.php?rest_route=%2Fwp%2Fv2%2Fmedia&parent=227119"}],"wp:term":[{"taxonomy":"category","embeddable":true,"href":"https:\/\/archive.sana.sy\/tr\/index.php?rest_route=%2Fwp%2Fv2%2Fcategories&post=227119"},{"taxonomy":"post_tag","embeddable":true,"href":"https:\/\/archive.sana.sy\/tr\/index.php?rest_route=%2Fwp%2Fv2%2Ftags&post=227119"}],"curies":[{"name":"wp","href":"https:\/\/api.w.org\/{rel}","templated":true}]}}