{"id":22712,"date":"2015-02-02T19:05:50","date_gmt":"2015-02-02T17:05:50","guid":{"rendered":"http:\/\/www.sana.sy\/tr\/?p=22712"},"modified":"2015-02-02T19:14:52","modified_gmt":"2015-02-02T17:14:52","slug":"lahham-bolgesel-ve-uluslararasi-cabalarin-terore-karsi-birlestirilmesi-gerekiyor","status":"publish","type":"post","link":"https:\/\/archive.sana.sy\/tr\/?p=22712","title":{"rendered":"Lahham: B\u00f6lgesel ve Uluslararas\u0131 \u00c7abalar\u0131n Ter\u00f6re Kar\u015f\u0131 Birle\u015ftirilmesi Gerekiyor"},"content":{"rendered":"<p>MONAKO \u2013 Halk Meclisi Ba\u015fkan\u0131 Muhammed Cihat el Lahham; parlamento diplomasisini b\u00f6lgesel ve uluslararas\u0131 g\u00fc\u00e7leri ter\u00f6r kaynaklar\u0131n\u0131 kurutmaya y\u00f6nlendirmek amac\u0131yla kullan\u0131lmas\u0131 \u00e7a\u011fr\u0131s\u0131nda bulunarak ter\u00f6rle m\u00fccadelede parlamento \u00e7abalar\u0131n\u0131n birle\u015ftirilmesi gere\u011fini vurgulad\u0131.<\/p>\n<p>Akdeniz Parlamentolar Cemiyeti 9. Ola\u011fan Toplant\u0131s\u0131 kapsam\u0131nda Fransa\u2019da Monako Prensli\u011finde Cemiyet Ba\u015fkan\u0131 Francesco Amoroso ile bir araya gelen Lahham; radikal ter\u00f6r gruplar\u0131n\u0131n yay\u0131lmas\u0131n\u0131 ve bu gruplar\u0131n silahland\u0131r\u0131lmas\u0131n\u0131 \u00f6nlemeye y\u00f6nelik yasalar\u0131n net ve belirli s\u0131n\u0131rlara sahip olmas\u0131n\u0131n \u00f6nemine dikkat \u00e7ekti.<\/p>\n<p>\u00d6te yandan Akdeniz Parlamentolar Cemiyetinde G\u00fcney Jeopolitik Grubu, Fransa y\u00f6netiminin. toplant\u0131ya kat\u0131lmak \u00fczere Monako\u2019ya gelmek isteyen Suriyeli heyet \u00fcyelerine vize vermemesi tutumunu k\u0131narken Halkm Meclisi Ba\u015fkan\u0131 Lahham, kendisinin eski bir vize ile Monako\u2019ya gelebildi\u011fini dile getirdi.<\/p>\n<p>2 \u015eubat\u2019tan 4 \u015eubat\u2019a kadar s\u00fcrecek toplant\u0131n\u0131n g\u00fcndem konular\u0131 aras\u0131nda Akdeniz b\u00f6lgesin sorunlar\u0131, Suriye krizinin insani boyutu, Ortado\u011fu\u2019da bar\u0131\u015f, reform ve demokrasi s\u00fcrecine ek olarak iklim de\u011fi\u015fikli\u011fi, sivillerin korunmas\u0131 ve insan haklar\u0131 gibi ba\u015fl\u0131klar yer al\u0131yor.<\/p>\n<p>F.B. &#8211; M.M.<\/p>\n","protected":false},"excerpt":{"rendered":"<p>MONAKO \u2013 Halk Meclisi Ba\u015fkan\u0131 Muhammed Cihat el Lahham; parlamento diplomasisini b\u00f6lgesel ve uluslararas\u0131 g\u00fc\u00e7leri ter\u00f6r kaynaklar\u0131n\u0131 kurutmaya y\u00f6nlendirmek amac\u0131yla kullan\u0131lmas\u0131 \u00e7a\u011fr\u0131s\u0131nda bulunarak ter\u00f6rle m\u00fccadelede parlamento \u00e7abalar\u0131n\u0131n birle\u015ftirilmesi gere\u011fini vurgulad\u0131. Akdeniz Parlamentolar Cemiyeti 9. Ola\u011fan Toplant\u0131s\u0131 kapsam\u0131nda Fransa\u2019da Monako Prensli\u011finde Cemiyet Ba\u015fkan\u0131 Francesco Amoroso ile bir araya gelen Lahham; radikal ter\u00f6r gruplar\u0131n\u0131n yay\u0131lmas\u0131n\u0131 ve bu &hellip;<\/p>\n","protected":false},"author":1,"featured_media":22714,"comment_status":"closed","ping_status":"closed","sticky":false,"template":"","format":"standard","meta":{"footnotes":""},"categories":[458,459,447],"tags":[11136,11135],"class_list":["post-22712","post","type-post","status-publish","format-standard","has-post-thumbnail","","category-dunya1","category-haberler-arap-uluslararasi-politika","category-politika","tag-lahham-bolgesel-ve-uluslararasi-cabalarin-terore-karsi-birlestirilmesi-gerekiyor","tag-monako-halk-meclisi-baskani-muhammed-cihat-el-lahham-parlamento-diplomasisini-bolgesel-ve-uluslararasi-gucleri-teror-kaynaklarini-kurutmaya-yonlendirmek-amaciyla-kullanilmasi-cagrisinda-bul"],"_links":{"self":[{"href":"https:\/\/archive.sana.sy\/tr\/index.php?rest_route=\/wp\/v2\/posts\/22712","targetHints":{"allow":["GET"]}}],"collection":[{"href":"https:\/\/archive.sana.sy\/tr\/index.php?rest_route=\/wp\/v2\/posts"}],"about":[{"href":"https:\/\/archive.sana.sy\/tr\/index.php?rest_route=\/wp\/v2\/types\/post"}],"author":[{"embeddable":true,"href":"https:\/\/archive.sana.sy\/tr\/index.php?rest_route=\/wp\/v2\/users\/1"}],"replies":[{"embeddable":true,"href":"https:\/\/archive.sana.sy\/tr\/index.php?rest_route=%2Fwp%2Fv2%2Fcomments&post=22712"}],"version-history":[{"count":0,"href":"https:\/\/archive.sana.sy\/tr\/index.php?rest_route=\/wp\/v2\/posts\/22712\/revisions"}],"wp:featuredmedia":[{"embeddable":true,"href":"https:\/\/archive.sana.sy\/tr\/index.php?rest_route=\/wp\/v2\/media\/22714"}],"wp:attachment":[{"href":"https:\/\/archive.sana.sy\/tr\/index.php?rest_route=%2Fwp%2Fv2%2Fmedia&parent=22712"}],"wp:term":[{"taxonomy":"category","embeddable":true,"href":"https:\/\/archive.sana.sy\/tr\/index.php?rest_route=%2Fwp%2Fv2%2Fcategories&post=22712"},{"taxonomy":"post_tag","embeddable":true,"href":"https:\/\/archive.sana.sy\/tr\/index.php?rest_route=%2Fwp%2Fv2%2Ftags&post=22712"}],"curies":[{"name":"wp","href":"https:\/\/api.w.org\/{rel}","templated":true}]}}