{"id":227122,"date":"2021-01-24T23:28:58","date_gmt":"2021-01-24T21:28:58","guid":{"rendered":"http:\/\/107.6.182.27\/tr\/?p=227122"},"modified":"2021-01-25T13:49:49","modified_gmt":"2021-01-25T11:49:49","slug":"basbakan-arnus-sam-kirsali-ve-halep-ticaret-odalarinin-yonetim-kurullariyla-bir-araya-geldi","status":"publish","type":"post","link":"https:\/\/archive.sana.sy\/tr\/?p=227122","title":{"rendered":"Ba\u015fbakan Arnus, \u015eam K\u0131rsal\u0131 ve Halep Ticaret Odalar\u0131&#8217;n\u0131n Y\u00f6netim Kurullar\u0131yla Bir Araya Geldi"},"content":{"rendered":"<p>\u015eAM &#8211; Ba\u015fbakan M\u00fch. H\u00fcseyin Arnus, \u00e7e\u015fitli ekonomik ve ticari faaliyetlerde sosyal sorumlulu\u011fu harekete ge\u00e7irmenin ve fiyatlar\u0131 kontrol edecek, tekel ve ka\u00e7ak\u00e7\u0131l\u0131kla m\u00fccadele edecek, ulusal ekonomiyi destekleyecek ve \u00fcretim \u00e7ark\u0131n\u0131 hareket ettirecek giri\u015fimler ba\u015flatman\u0131n gereklili\u011fini belirtti.<\/p>\n<p>Arnus bug\u00fcn \u015eam K\u0131rsal\u0131 Ticaret Odas\u0131 Y\u00f6netim Kurulu ile yapt\u0131\u011f\u0131 g\u00f6r\u00fc\u015fmede, mevcut a\u015famada h\u00fck\u00fcmet ekibi ile federasyonlar aras\u0131ndaki ortakl\u0131\u011f\u0131n g\u00fc\u00e7lendirilmesi, mevcut enerji ve yeteneklere yat\u0131r\u0131m yap\u0131lmas\u0131, koordinasyonun h\u0131z\u0131n\u0131n art\u0131r\u0131lmas\u0131 ve ortak hedeflere ula\u015fmak ve makul fiyatlarlar piyasalarda temel mallar\u0131n sa\u011flanmas\u0131 i\u00e7in \u00e7aba harcanmas\u0131 gerekti\u011fini dile getirdi.<\/p>\n<p>Ba\u015fbakan, &#8220;H\u00fck\u00fcmet, \u00e7e\u015fitli birlikler, heyetler ve odalar ile ortakl\u0131\u011fa inan\u0131yor ve onlara verilen rol\u00fc oynayabilmeleri i\u00e7in destek ve kolayl\u0131klar sa\u011fl\u0131yor, bu da toplumun ihtiya\u00e7lar\u0131yla do\u011frudan ba\u011flant\u0131l\u0131 olmal\u0131d\u0131r&#8221; diyerek, geli\u015fme s\u00fcrecine ve milli \u00fcretime hizmet edecek, ekonomik ve canl\u0131 ger\u00e7eklerin iyile\u015ftirilmesine katk\u0131 sa\u011flayacak \u015fekilde t\u00fcm yeteneklerden yararlanman\u0131n ve bunlar\u0131 do\u011fru y\u00f6ne y\u00f6nlendirmenin \u00f6nemini vurgulad\u0131<\/p>\n<p>M\u00fch. Arnus, h\u00fck\u00fcmetin, dost \u00fclkelerle ticaret al\u0131\u015fveri\u015fini art\u0131rarak ve Suriye mal ve mallar\u0131n\u0131n d\u0131\u015f pazarlara ak\u0131\u015f\u0131 kar\u015f\u0131s\u0131ndaki engelleri a\u015fmaya \u00e7al\u0131\u015farak rekabet g\u00fcc\u00fcn\u00fc art\u0131rmak ve yeni ihracat pazarlar\u0131n\u0131 hedeflemek i\u00e7in ticaret sekt\u00f6r\u00fcn\u00fcn kar\u015f\u0131la\u015ft\u0131\u011f\u0131 sorunlar\u0131 ve zorluklar\u0131 \u00e7\u00f6zme konusundaki isteklili\u011fini dile getirdi. Gelen \u00f6neriler, \u015eam K\u0131rsal\u0131 ilini karakterize eden tar\u0131m \u00fcr\u00fcnlerinin ihracat\u0131n\u0131 desteklemek, \u00e7ift\u00e7ilere \u00fcr\u00fcnlerinin kalitesini art\u0131rmak i\u00e7in bilin\u00e7lendirme kampanyalar\u0131 d\u00fczenlemek, Suriye \u00fcr\u00fcnlerinin rekabet avantaj\u0131n\u0131 art\u0131rmak i\u00e7in daha nitel d\u00fczenlemeler ve standartlar benimsemek, dost \u00fclkelerle ticaret anla\u015fmalar\u0131n\u0131 te\u015fvik etmek ve sanayi b\u00f6lgeleri ve \u015fehirleri desteklemeyi ele ald\u0131.<\/p>\n","protected":false},"excerpt":{"rendered":"<p>\u015eAM &#8211; Ba\u015fbakan M\u00fch. H\u00fcseyin Arnus, \u00e7e\u015fitli ekonomik ve ticari faaliyetlerde sosyal sorumlulu\u011fu harekete ge\u00e7irmenin ve fiyatlar\u0131 kontrol edecek, tekel ve ka\u00e7ak\u00e7\u0131l\u0131kla m\u00fccadele edecek, ulusal ekonomiyi destekleyecek ve \u00fcretim \u00e7ark\u0131n\u0131 hareket ettirecek giri\u015fimler ba\u015flatman\u0131n gereklili\u011fini belirtti. Arnus bug\u00fcn \u015eam K\u0131rsal\u0131 Ticaret Odas\u0131 Y\u00f6netim Kurulu ile yapt\u0131\u011f\u0131 g\u00f6r\u00fc\u015fmede, mevcut a\u015famada h\u00fck\u00fcmet ekibi ile federasyonlar aras\u0131ndaki ortakl\u0131\u011f\u0131n &hellip;<\/p>\n","protected":false},"author":1,"featured_media":227123,"comment_status":"closed","ping_status":"closed","sticky":false,"template":"","format":"standard","meta":{"footnotes":""},"categories":[479,17988,478],"tags":[],"class_list":["post-227122","post","type-post","status-publish","format-standard","has-post-thumbnail","","category-haberler-yerel","category-son-haberler","category-yerel"],"_links":{"self":[{"href":"https:\/\/archive.sana.sy\/tr\/index.php?rest_route=\/wp\/v2\/posts\/227122","targetHints":{"allow":["GET"]}}],"collection":[{"href":"https:\/\/archive.sana.sy\/tr\/index.php?rest_route=\/wp\/v2\/posts"}],"about":[{"href":"https:\/\/archive.sana.sy\/tr\/index.php?rest_route=\/wp\/v2\/types\/post"}],"author":[{"embeddable":true,"href":"https:\/\/archive.sana.sy\/tr\/index.php?rest_route=\/wp\/v2\/users\/1"}],"replies":[{"embeddable":true,"href":"https:\/\/archive.sana.sy\/tr\/index.php?rest_route=%2Fwp%2Fv2%2Fcomments&post=227122"}],"version-history":[{"count":0,"href":"https:\/\/archive.sana.sy\/tr\/index.php?rest_route=\/wp\/v2\/posts\/227122\/revisions"}],"wp:featuredmedia":[{"embeddable":true,"href":"https:\/\/archive.sana.sy\/tr\/index.php?rest_route=\/wp\/v2\/media\/227123"}],"wp:attachment":[{"href":"https:\/\/archive.sana.sy\/tr\/index.php?rest_route=%2Fwp%2Fv2%2Fmedia&parent=227122"}],"wp:term":[{"taxonomy":"category","embeddable":true,"href":"https:\/\/archive.sana.sy\/tr\/index.php?rest_route=%2Fwp%2Fv2%2Fcategories&post=227122"},{"taxonomy":"post_tag","embeddable":true,"href":"https:\/\/archive.sana.sy\/tr\/index.php?rest_route=%2Fwp%2Fv2%2Ftags&post=227122"}],"curies":[{"name":"wp","href":"https:\/\/api.w.org\/{rel}","templated":true}]}}