{"id":227125,"date":"2021-01-24T23:29:52","date_gmt":"2021-01-24T21:29:52","guid":{"rendered":"http:\/\/107.6.182.27\/tr\/?p=227125"},"modified":"2021-01-25T13:49:52","modified_gmt":"2021-01-25T11:49:52","slug":"saglik-bakanligi-yeni-71-koronavirus-67-sifa-6-vefat-vakasi-kaydedildi","status":"publish","type":"post","link":"https:\/\/archive.sana.sy\/tr\/?p=227125","title":{"rendered":"Sa\u011fl\u0131k Bakanl\u0131\u011f\u0131: Yeni 71 Koronavir\u00fcs, 67 \u015eifa, 6 Vefat Vakas\u0131 Kaydedildi"},"content":{"rendered":"<p>\u015eAM &#8211; Sa\u011fl\u0131k Bakanl\u0131\u011f\u0131 bug\u00fcn, yeni 71 koronavir\u00fcs vakas\u0131n\u0131n tescil edildi\u011fini, tescil edilen vakalardan 67 vakan\u0131n \u015fifa buldu\u011funu, 6 vakan\u0131n da vefat etti\u011fini ilan etti.<\/p>\n<p>Bakanl\u0131k yay\u0131nlad\u0131\u011f\u0131 beyanda, Suriye\u2019de tescil edilen vaka ay\u0131s\u0131n\u0131n bug\u00fcne kadar 13628 vakaya y\u00fckseldi\u011fini, bunlardan 7056 vakan\u0131n \u015fifa buldu\u011funu, 885 vakan\u0131n da vefat etti\u011fini a\u00e7\u0131klad\u0131.<\/p>\n<p>Suriye&#8217;de ilk Koronavir\u00fcs vakas\u0131 22 Mart 2020&#8217;de yurt d\u0131\u015f\u0131ndan gelen bir vatanda\u015f \u00fczerinde kaydedilmi\u015f ilk vefat vakas\u0131 ise ayn\u0131 ay\u0131n 29&#8217;unda tescil edilmi\u015fti.<\/p>\n","protected":false},"excerpt":{"rendered":"<p>\u015eAM &#8211; Sa\u011fl\u0131k Bakanl\u0131\u011f\u0131 bug\u00fcn, yeni 71 koronavir\u00fcs vakas\u0131n\u0131n tescil edildi\u011fini, tescil edilen vakalardan 67 vakan\u0131n \u015fifa buldu\u011funu, 6 vakan\u0131n da vefat etti\u011fini ilan etti. Bakanl\u0131k yay\u0131nlad\u0131\u011f\u0131 beyanda, Suriye\u2019de tescil edilen vaka ay\u0131s\u0131n\u0131n bug\u00fcne kadar 13628 vakaya y\u00fckseldi\u011fini, bunlardan 7056 vakan\u0131n \u015fifa buldu\u011funu, 885 vakan\u0131n da vefat etti\u011fini a\u00e7\u0131klad\u0131. Suriye&#8217;de ilk Koronavir\u00fcs vakas\u0131 22 Mart &hellip;<\/p>\n","protected":false},"author":1,"featured_media":227126,"comment_status":"closed","ping_status":"closed","sticky":false,"template":"","format":"standard","meta":{"footnotes":""},"categories":[479,17988,478],"tags":[],"class_list":["post-227125","post","type-post","status-publish","format-standard","has-post-thumbnail","","category-haberler-yerel","category-son-haberler","category-yerel"],"_links":{"self":[{"href":"https:\/\/archive.sana.sy\/tr\/index.php?rest_route=\/wp\/v2\/posts\/227125","targetHints":{"allow":["GET"]}}],"collection":[{"href":"https:\/\/archive.sana.sy\/tr\/index.php?rest_route=\/wp\/v2\/posts"}],"about":[{"href":"https:\/\/archive.sana.sy\/tr\/index.php?rest_route=\/wp\/v2\/types\/post"}],"author":[{"embeddable":true,"href":"https:\/\/archive.sana.sy\/tr\/index.php?rest_route=\/wp\/v2\/users\/1"}],"replies":[{"embeddable":true,"href":"https:\/\/archive.sana.sy\/tr\/index.php?rest_route=%2Fwp%2Fv2%2Fcomments&post=227125"}],"version-history":[{"count":0,"href":"https:\/\/archive.sana.sy\/tr\/index.php?rest_route=\/wp\/v2\/posts\/227125\/revisions"}],"wp:featuredmedia":[{"embeddable":true,"href":"https:\/\/archive.sana.sy\/tr\/index.php?rest_route=\/wp\/v2\/media\/227126"}],"wp:attachment":[{"href":"https:\/\/archive.sana.sy\/tr\/index.php?rest_route=%2Fwp%2Fv2%2Fmedia&parent=227125"}],"wp:term":[{"taxonomy":"category","embeddable":true,"href":"https:\/\/archive.sana.sy\/tr\/index.php?rest_route=%2Fwp%2Fv2%2Fcategories&post=227125"},{"taxonomy":"post_tag","embeddable":true,"href":"https:\/\/archive.sana.sy\/tr\/index.php?rest_route=%2Fwp%2Fv2%2Ftags&post=227125"}],"curies":[{"name":"wp","href":"https:\/\/api.w.org\/{rel}","templated":true}]}}