{"id":227181,"date":"2021-01-26T08:47:50","date_gmt":"2021-01-26T06:47:50","guid":{"rendered":"http:\/\/107.6.182.27\/tr\/?p=227181"},"modified":"2021-01-27T08:12:15","modified_gmt":"2021-01-27T06:12:15","slug":"dsg-milisleri-el-seddadi-kentinden-birkec-ogretmeni-kacirdi","status":"publish","type":"post","link":"https:\/\/archive.sana.sy\/tr\/?p=227181","title":{"rendered":"DSG Milisleri el \u015eeddadi Kentinden Birke\u00e7 \u00d6\u011fretmeni Ka\u00e7\u0131rd\u0131"},"content":{"rendered":"<p>HASEKE \u2013 \u0130\u015fgalci Amerikan g\u00fc\u00e7leri taraf\u0131ndan desteklenen \u201cDSG\u201d milisleri, el \u015eeddadi kentinden birka\u00e7 \u00f6\u011fretmeni ka\u00e7\u0131rd\u0131.<\/p>\n<p>Yerel kaynaklar SANA muhabirine, DSG milislerinden silahl\u0131 gruplar\u0131n, Haseke k\u0131rsal\u0131n\u0131n g\u00fcneyinde yer alan el \u015eeddadi kentindeki mahallelere bask\u0131n d\u00fczenledi\u011fini belirtirken, birka\u00e7 \u00f6\u011fretmeni ka\u00e7\u0131rd\u0131\u011f\u0131na i\u015faret etti.<\/p>\n<p>Kaynaklar, milislerin ka\u00e7\u0131rd\u0131klar\u0131 \u00f6\u011fretmenlerin saflar\u0131nda silah ta\u015f\u0131maya zorlamak i\u00e7in e\u011fitim kamplar\u0131na g\u00f6t\u00fcrd\u00fc\u011f\u00fcne dikkat \u00e7ekti.<\/p>\n<p>\u00c7eviri: M.Y<\/p>\n","protected":false},"excerpt":{"rendered":"<p>HASEKE \u2013 \u0130\u015fgalci Amerikan g\u00fc\u00e7leri taraf\u0131ndan desteklenen \u201cDSG\u201d milisleri, el \u015eeddadi kentinden birka\u00e7 \u00f6\u011fretmeni ka\u00e7\u0131rd\u0131. Yerel kaynaklar SANA muhabirine, DSG milislerinden silahl\u0131 gruplar\u0131n, Haseke k\u0131rsal\u0131n\u0131n g\u00fcneyinde yer alan el \u015eeddadi kentindeki mahallelere bask\u0131n d\u00fczenledi\u011fini belirtirken, birka\u00e7 \u00f6\u011fretmeni ka\u00e7\u0131rd\u0131\u011f\u0131na i\u015faret etti. Kaynaklar, milislerin ka\u00e7\u0131rd\u0131klar\u0131 \u00f6\u011fretmenlerin saflar\u0131nda silah ta\u015f\u0131maya zorlamak i\u00e7in e\u011fitim kamplar\u0131na g\u00f6t\u00fcrd\u00fc\u011f\u00fcne dikkat \u00e7ekti. \u00c7eviri: &hellip;<\/p>\n","protected":false},"author":36,"featured_media":227182,"comment_status":"closed","ping_status":"closed","sticky":false,"template":"","format":"standard","meta":{"footnotes":""},"categories":[479,575,17988,478],"tags":[],"class_list":["post-227181","post","type-post","status-publish","format-standard","has-post-thumbnail","","category-haberler-yerel","category-olaylar-ve-gercekler","category-son-haberler","category-yerel"],"_links":{"self":[{"href":"https:\/\/archive.sana.sy\/tr\/index.php?rest_route=\/wp\/v2\/posts\/227181","targetHints":{"allow":["GET"]}}],"collection":[{"href":"https:\/\/archive.sana.sy\/tr\/index.php?rest_route=\/wp\/v2\/posts"}],"about":[{"href":"https:\/\/archive.sana.sy\/tr\/index.php?rest_route=\/wp\/v2\/types\/post"}],"author":[{"embeddable":true,"href":"https:\/\/archive.sana.sy\/tr\/index.php?rest_route=\/wp\/v2\/users\/36"}],"replies":[{"embeddable":true,"href":"https:\/\/archive.sana.sy\/tr\/index.php?rest_route=%2Fwp%2Fv2%2Fcomments&post=227181"}],"version-history":[{"count":0,"href":"https:\/\/archive.sana.sy\/tr\/index.php?rest_route=\/wp\/v2\/posts\/227181\/revisions"}],"wp:featuredmedia":[{"embeddable":true,"href":"https:\/\/archive.sana.sy\/tr\/index.php?rest_route=\/wp\/v2\/media\/227182"}],"wp:attachment":[{"href":"https:\/\/archive.sana.sy\/tr\/index.php?rest_route=%2Fwp%2Fv2%2Fmedia&parent=227181"}],"wp:term":[{"taxonomy":"category","embeddable":true,"href":"https:\/\/archive.sana.sy\/tr\/index.php?rest_route=%2Fwp%2Fv2%2Fcategories&post=227181"},{"taxonomy":"post_tag","embeddable":true,"href":"https:\/\/archive.sana.sy\/tr\/index.php?rest_route=%2Fwp%2Fv2%2Ftags&post=227181"}],"curies":[{"name":"wp","href":"https:\/\/api.w.org\/{rel}","templated":true}]}}