{"id":227184,"date":"2021-01-26T08:58:45","date_gmt":"2021-01-26T06:58:45","guid":{"rendered":"http:\/\/107.6.182.27\/tr\/?p=227184"},"modified":"2021-01-27T08:12:17","modified_gmt":"2021-01-27T06:12:17","slug":"isgalci-amerikan-gucleri-el-seddadi-kentindeki-yasadisi-uslerine-silah-aktarmaya-devam-ediyor","status":"publish","type":"post","link":"https:\/\/archive.sana.sy\/tr\/?p=227184","title":{"rendered":"\u0130\u015fgalci Amerikan G\u00fc\u00e7leri, El \u015eeddadi Kentindeki Yasad\u0131\u015f\u0131 \u00dcslerine Silah Aktarmaya Devam Ediyor"},"content":{"rendered":"<p>HASEKE \u2013 \u0130\u015fgalci Amerikan g\u00fc\u00e7leri uluslararas\u0131 yasalar\u0131 ihlal etmeye devam ederek, Haseke k\u0131rsal\u0131n\u0131n g\u00fcneyindeki yasad\u0131\u015f\u0131 \u00fcslerine yeni sileh ve lojistik melzemeler ge\u00e7irdi.<\/p>\n<p>Yerel kaynaklar SANA muahbirine, i\u015fgalci ABD g\u00fc\u00e7lerine ait bir helikopterin b\u00f6lgedeki varl\u0131\u011f\u0131n\u0131 g\u00fc\u00e7lendirmek i\u00e7in Haseke k\u0131rsal\u0131n\u0131n g\u00fcneyinde yer alan el \u015eeddadi kentindeki yasad\u0131\u015f\u0131 \u00fcslerine silah, cephane ve lojistik malzemeler ta\u015f\u0131d\u0131\u011f\u0131n\u0131 belirtti.<\/p>\n<p>\u00c7eviri: M.Y<\/p>\n","protected":false},"excerpt":{"rendered":"<p>HASEKE \u2013 \u0130\u015fgalci Amerikan g\u00fc\u00e7leri uluslararas\u0131 yasalar\u0131 ihlal etmeye devam ederek, Haseke k\u0131rsal\u0131n\u0131n g\u00fcneyindeki yasad\u0131\u015f\u0131 \u00fcslerine yeni sileh ve lojistik melzemeler ge\u00e7irdi. Yerel kaynaklar SANA muahbirine, i\u015fgalci ABD g\u00fc\u00e7lerine ait bir helikopterin b\u00f6lgedeki varl\u0131\u011f\u0131n\u0131 g\u00fc\u00e7lendirmek i\u00e7in Haseke k\u0131rsal\u0131n\u0131n g\u00fcneyinde yer alan el \u015eeddadi kentindeki yasad\u0131\u015f\u0131 \u00fcslerine silah, cephane ve lojistik malzemeler ta\u015f\u0131d\u0131\u011f\u0131n\u0131 belirtti. \u00c7eviri: M.Y<\/p>\n","protected":false},"author":36,"featured_media":227185,"comment_status":"closed","ping_status":"closed","sticky":false,"template":"","format":"standard","meta":{"footnotes":""},"categories":[479,575,17988,478],"tags":[],"class_list":["post-227184","post","type-post","status-publish","format-standard","has-post-thumbnail","","category-haberler-yerel","category-olaylar-ve-gercekler","category-son-haberler","category-yerel"],"_links":{"self":[{"href":"https:\/\/archive.sana.sy\/tr\/index.php?rest_route=\/wp\/v2\/posts\/227184","targetHints":{"allow":["GET"]}}],"collection":[{"href":"https:\/\/archive.sana.sy\/tr\/index.php?rest_route=\/wp\/v2\/posts"}],"about":[{"href":"https:\/\/archive.sana.sy\/tr\/index.php?rest_route=\/wp\/v2\/types\/post"}],"author":[{"embeddable":true,"href":"https:\/\/archive.sana.sy\/tr\/index.php?rest_route=\/wp\/v2\/users\/36"}],"replies":[{"embeddable":true,"href":"https:\/\/archive.sana.sy\/tr\/index.php?rest_route=%2Fwp%2Fv2%2Fcomments&post=227184"}],"version-history":[{"count":0,"href":"https:\/\/archive.sana.sy\/tr\/index.php?rest_route=\/wp\/v2\/posts\/227184\/revisions"}],"wp:featuredmedia":[{"embeddable":true,"href":"https:\/\/archive.sana.sy\/tr\/index.php?rest_route=\/wp\/v2\/media\/227185"}],"wp:attachment":[{"href":"https:\/\/archive.sana.sy\/tr\/index.php?rest_route=%2Fwp%2Fv2%2Fmedia&parent=227184"}],"wp:term":[{"taxonomy":"category","embeddable":true,"href":"https:\/\/archive.sana.sy\/tr\/index.php?rest_route=%2Fwp%2Fv2%2Fcategories&post=227184"},{"taxonomy":"post_tag","embeddable":true,"href":"https:\/\/archive.sana.sy\/tr\/index.php?rest_route=%2Fwp%2Fv2%2Ftags&post=227184"}],"curies":[{"name":"wp","href":"https:\/\/api.w.org\/{rel}","templated":true}]}}