{"id":227249,"date":"2021-01-26T16:45:46","date_gmt":"2021-01-26T14:45:46","guid":{"rendered":"http:\/\/107.6.182.27\/tr\/?p=227249"},"modified":"2021-01-27T08:13:00","modified_gmt":"2021-01-27T06:13:00","slug":"dsg-milisleri-kamisli-kirsalindaki-el-cuveydiye-beldesinin-meclis-baskanini-kacirdi","status":"publish","type":"post","link":"https:\/\/archive.sana.sy\/tr\/?p=227249","title":{"rendered":"DSG Milisleri Kam\u0131\u015fl\u0131 K\u0131rsal\u0131ndaki El Cuveydiye Beldesinin Meclis Ba\u015fkan\u0131n\u0131 Ka\u00e7\u0131rd\u0131"},"content":{"rendered":"<p>HASEKE \u2013 Amerikan i\u015fgalinden destekli DSG milislerinden silahl\u0131lar Kam\u0131\u015fl\u0131 k\u0131rsal\u0131n\u0131n do\u011fusundaki el Cuveydiye Beldesinin meclis ba\u015fkan\u0131n\u0131n dairesine bask\u0131n yap\u0131p onu ka\u00e7\u0131rd\u0131.<\/p>\n<p>Yerel kaynaklar SANA muhabirine; DSG milislerinden silahl\u0131lar\u0131n Kam\u0131\u015fl\u0131 k\u0131rsal\u0131ndakiel Cuveydiye beldesinin meclis ba\u015fkan\u0131n\u0131n dairesine bask\u0131n yap\u0131p onu ka\u00e7\u0131r\u0131p bilinmeyen y\u00f6ne g\u00f6t\u00fcrd\u00fcklerini belirtti. Kaynaklar; DSG\u2019li silahl\u0131lar\u0131n meclis ba\u015fkan\u0131 dairesinden birka\u00e7 bilgisayar \u00e7ald\u0131klar\u0131n\u0131 ekledi.<\/p>\n<p>P.M.<\/p>\n","protected":false},"excerpt":{"rendered":"<p>HASEKE \u2013 Amerikan i\u015fgalinden destekli DSG milislerinden silahl\u0131lar Kam\u0131\u015fl\u0131 k\u0131rsal\u0131n\u0131n do\u011fusundaki el Cuveydiye Beldesinin meclis ba\u015fkan\u0131n\u0131n dairesine bask\u0131n yap\u0131p onu ka\u00e7\u0131rd\u0131. Yerel kaynaklar SANA muhabirine; DSG milislerinden silahl\u0131lar\u0131n Kam\u0131\u015fl\u0131 k\u0131rsal\u0131ndakiel Cuveydiye beldesinin meclis ba\u015fkan\u0131n\u0131n dairesine bask\u0131n yap\u0131p onu ka\u00e7\u0131r\u0131p bilinmeyen y\u00f6ne g\u00f6t\u00fcrd\u00fcklerini belirtti. Kaynaklar; DSG\u2019li silahl\u0131lar\u0131n meclis ba\u015fkan\u0131 dairesinden birka\u00e7 bilgisayar \u00e7ald\u0131klar\u0131n\u0131 ekledi. P.M.<\/p>\n","protected":false},"author":1,"featured_media":227250,"comment_status":"closed","ping_status":"closed","sticky":false,"template":"","format":"standard","meta":{"footnotes":""},"categories":[479,575,17988,478],"tags":[],"class_list":["post-227249","post","type-post","status-publish","format-standard","has-post-thumbnail","","category-haberler-yerel","category-olaylar-ve-gercekler","category-son-haberler","category-yerel"],"_links":{"self":[{"href":"https:\/\/archive.sana.sy\/tr\/index.php?rest_route=\/wp\/v2\/posts\/227249","targetHints":{"allow":["GET"]}}],"collection":[{"href":"https:\/\/archive.sana.sy\/tr\/index.php?rest_route=\/wp\/v2\/posts"}],"about":[{"href":"https:\/\/archive.sana.sy\/tr\/index.php?rest_route=\/wp\/v2\/types\/post"}],"author":[{"embeddable":true,"href":"https:\/\/archive.sana.sy\/tr\/index.php?rest_route=\/wp\/v2\/users\/1"}],"replies":[{"embeddable":true,"href":"https:\/\/archive.sana.sy\/tr\/index.php?rest_route=%2Fwp%2Fv2%2Fcomments&post=227249"}],"version-history":[{"count":0,"href":"https:\/\/archive.sana.sy\/tr\/index.php?rest_route=\/wp\/v2\/posts\/227249\/revisions"}],"wp:featuredmedia":[{"embeddable":true,"href":"https:\/\/archive.sana.sy\/tr\/index.php?rest_route=\/wp\/v2\/media\/227250"}],"wp:attachment":[{"href":"https:\/\/archive.sana.sy\/tr\/index.php?rest_route=%2Fwp%2Fv2%2Fmedia&parent=227249"}],"wp:term":[{"taxonomy":"category","embeddable":true,"href":"https:\/\/archive.sana.sy\/tr\/index.php?rest_route=%2Fwp%2Fv2%2Fcategories&post=227249"},{"taxonomy":"post_tag","embeddable":true,"href":"https:\/\/archive.sana.sy\/tr\/index.php?rest_route=%2Fwp%2Fv2%2Ftags&post=227249"}],"curies":[{"name":"wp","href":"https:\/\/api.w.org\/{rel}","templated":true}]}}