{"id":22726,"date":"2015-02-03T09:24:27","date_gmt":"2015-02-03T07:24:27","guid":{"rendered":"http:\/\/www.sana.sy\/tr\/?p=22726"},"modified":"2015-02-03T15:26:16","modified_gmt":"2015-02-03T13:26:16","slug":"calistay-yeniden-insa-calismalarinda-insan-kaynaklarinin-onemine-odaklandi","status":"publish","type":"post","link":"https:\/\/archive.sana.sy\/tr\/?p=22726","title":{"rendered":"\u00c7al\u0131\u015ftay Yeniden \u0130n\u015fa \u00c7al\u0131\u015fmalar\u0131nda \u0130nsan Kaynaklar\u0131n\u0131n \u00d6nemine Odakland\u0131"},"content":{"rendered":"<p>\u015eAM \u2013 Bay\u0131nd\u0131rl\u0131k\u00a0Bakanl\u0131\u011f\u0131n\u0131n d\u00fczenledi\u011fi \u00e7al\u0131\u015ftay kat\u0131l\u0131mc\u0131lar\u0131; uzmanla\u015fma projeleri idaresi, yeni teknolojilerin kullan\u0131lmas\u0131yla yeniden in\u015fa s\u00fcreci, bilgisayar programc\u0131l\u0131\u011f\u0131ndan faydalanma ve bakanl\u0131\u011f\u0131n \u00e7al\u0131\u015fmalar\u0131n\u0131n takip edilmesi gibi ba\u015fl\u0131klar\u0131 tart\u0131\u015ft\u0131lar.<\/p>\n<p>\u0130nsan kaynaklar\u0131na \u00f6nem verilmesi gere\u011finin ifade edildi\u011fi \u00e7at\u0131\u015ftayda sorumluluk \u00fcstlenebilecek ve kendi alanlar\u0131nda uzman kadrolar yeti\u015ftirilmesinin y\u00f6ntemleri incelendi.<\/p>\n<p><a href=\"http:\/\/www.sana.sy\/tr\/wp-content\/uploads\/2015\/02\/Kamu-\u00c7al\u0131\u015fma-Bakanl\u0131\u011f\u0131-1.jpg\"><img loading=\"lazy\" decoding=\"async\" class=\" size-medium wp-image-22728 alignright\" src=\"http:\/\/www.sana.sy\/tr\/wp-content\/uploads\/2015\/02\/Kamu-\u00c7al\u0131\u015fma-Bakanl\u0131\u011f\u0131-1-300x183.jpg\" alt=\"Kamu \u00c7al\u0131\u015fma Bakanl\u0131\u011f\u0131 1\" width=\"300\" height=\"183\" srcset=\"https:\/\/archive.sana.sy\/tr\/wp-content\/uploads\/2015\/02\/Kamu-\u00c7al\u0131\u015fma-Bakanl\u0131\u011f\u0131-1-300x183.jpg 300w, https:\/\/archive.sana.sy\/tr\/wp-content\/uploads\/2015\/02\/Kamu-\u00c7al\u0131\u015fma-Bakanl\u0131\u011f\u0131-1-150x92.jpg 150w, https:\/\/archive.sana.sy\/tr\/wp-content\/uploads\/2015\/02\/Kamu-\u00c7al\u0131\u015fma-Bakanl\u0131\u011f\u0131-1-1024x626.jpg 1024w\" sizes=\"auto, (max-width: 300px) 100vw, 300px\" \/><\/a>Yeniden in\u015fa stratejileri, politikalar\u0131 ve hedeflerinin belirlenmesi i\u00e7in bir komisyon olu\u015fturulmas\u0131 \u00f6nerisinde bulunan \u00e7al\u0131\u015ftay kat\u0131l\u0131mc\u0131lar\u0131, Bay\u0131nd\u0131rl\u0131k\u00a0Bakanl\u0131\u011f\u0131 ile \u015eam \u00dcniversitesi aras\u0131nda imzalanan protokoller kapsam\u0131nda yeniden in\u015fa s\u00fcrecinde daha nitelikli \u00e7al\u0131\u015fmalar ve ba\u015far\u0131lar sa\u011flanabilece\u011fini vurgulad\u0131lar.<\/p>\n<p>Bay\u0131nd\u0131rl\u0131k\u00a0Bakan\u0131 H\u00fcseyin Arnus, \u00e7al\u0131\u015fmalarda yeni bir d\u00fc\u015f\u00fcnme dinami\u011finin yakalanabilmesi i\u00e7in kat\u0131l\u0131mc\u0131lar\u0131n \u00e7al\u0131\u015ftay kapsam\u0131nda sunulan seminer ve sunumlardan faydalanmas\u0131 gere\u011fine i\u015faret ederek yenide in\u015fa \u00e7al\u0131\u015fmalar\u0131n\u0131n bakanl\u0131\u011f\u0131n \u00f6ncelik verdi\u011fi \u00e7al\u0131\u015fmalar oldu\u011funun alt\u0131n\u0131 \u00e7izdi.<\/p>\n<p>F.B. &#8211; R.H.<\/p>\n","protected":false},"excerpt":{"rendered":"<p>\u015eAM \u2013 Bay\u0131nd\u0131rl\u0131k\u00a0Bakanl\u0131\u011f\u0131n\u0131n d\u00fczenledi\u011fi \u00e7al\u0131\u015ftay kat\u0131l\u0131mc\u0131lar\u0131; uzmanla\u015fma projeleri idaresi, yeni teknolojilerin kullan\u0131lmas\u0131yla yeniden in\u015fa s\u00fcreci, bilgisayar programc\u0131l\u0131\u011f\u0131ndan faydalanma ve bakanl\u0131\u011f\u0131n \u00e7al\u0131\u015fmalar\u0131n\u0131n takip edilmesi gibi ba\u015fl\u0131klar\u0131 tart\u0131\u015ft\u0131lar. \u0130nsan kaynaklar\u0131na \u00f6nem verilmesi gere\u011finin ifade edildi\u011fi \u00e7at\u0131\u015ftayda sorumluluk \u00fcstlenebilecek ve kendi alanlar\u0131nda uzman kadrolar yeti\u015ftirilmesinin y\u00f6ntemleri incelendi. Yeniden in\u015fa stratejileri, politikalar\u0131 ve hedeflerinin belirlenmesi i\u00e7in bir komisyon olu\u015fturulmas\u0131 &hellip;<\/p>\n","protected":false},"author":1,"featured_media":22727,"comment_status":"closed","ping_status":"closed","sticky":false,"template":"","format":"standard","meta":{"footnotes":""},"categories":[485,486],"tags":[11148,11146,11147],"class_list":["post-22726","post","type-post","status-publish","format-standard","has-post-thumbnail","","category-is-ve-sermaye","category-haberler-is-ve-sermaye","tag-bilgisayar-programciligindan-faydalanma-ve-bakanligin-calismalarinin-takip-edilmesi-gibi-basliklari-tartistilar","tag-calistay-yeniden-insa-calismalarinda-insan-kaynaklarinin-onemine-odaklandi-sam-kamu-calisma-bakanliginin-duzenledigi-calistay-katilimcilari-uzmanlasma-projeleri-idaresi","tag-yeni-teknolojilerin-kullanilmasiyla-yeniden-insa-sureci"],"_links":{"self":[{"href":"https:\/\/archive.sana.sy\/tr\/index.php?rest_route=\/wp\/v2\/posts\/22726","targetHints":{"allow":["GET"]}}],"collection":[{"href":"https:\/\/archive.sana.sy\/tr\/index.php?rest_route=\/wp\/v2\/posts"}],"about":[{"href":"https:\/\/archive.sana.sy\/tr\/index.php?rest_route=\/wp\/v2\/types\/post"}],"author":[{"embeddable":true,"href":"https:\/\/archive.sana.sy\/tr\/index.php?rest_route=\/wp\/v2\/users\/1"}],"replies":[{"embeddable":true,"href":"https:\/\/archive.sana.sy\/tr\/index.php?rest_route=%2Fwp%2Fv2%2Fcomments&post=22726"}],"version-history":[{"count":0,"href":"https:\/\/archive.sana.sy\/tr\/index.php?rest_route=\/wp\/v2\/posts\/22726\/revisions"}],"wp:featuredmedia":[{"embeddable":true,"href":"https:\/\/archive.sana.sy\/tr\/index.php?rest_route=\/wp\/v2\/media\/22727"}],"wp:attachment":[{"href":"https:\/\/archive.sana.sy\/tr\/index.php?rest_route=%2Fwp%2Fv2%2Fmedia&parent=22726"}],"wp:term":[{"taxonomy":"category","embeddable":true,"href":"https:\/\/archive.sana.sy\/tr\/index.php?rest_route=%2Fwp%2Fv2%2Fcategories&post=22726"},{"taxonomy":"post_tag","embeddable":true,"href":"https:\/\/archive.sana.sy\/tr\/index.php?rest_route=%2Fwp%2Fv2%2Ftags&post=22726"}],"curies":[{"name":"wp","href":"https:\/\/api.w.org\/{rel}","templated":true}]}}