{"id":227267,"date":"2021-01-26T17:57:24","date_gmt":"2021-01-26T15:57:24","guid":{"rendered":"http:\/\/107.6.182.27\/tr\/?p=227267"},"modified":"2021-01-27T08:13:12","modified_gmt":"2021-01-27T06:13:12","slug":"lavrov-ve-zarif-suriyedeki-krize-siyasi-bir-cozum-bulma-ve-2254-sayili-bm-kararini-uygulamasi-gerekiyor","status":"publish","type":"post","link":"https:\/\/archive.sana.sy\/tr\/?p=227267","title":{"rendered":"Lavrov ve Zarif: Suriye&#8217;deki Krize Siyasi Bir \u00c7\u00f6z\u00fcm Bulma ve 2254 Say\u0131l\u0131 BM Karar\u0131n\u0131 Uygulamas\u0131 Gerekiyor"},"content":{"rendered":"<p>MOSKOVA \u2013 Rusya D\u0131\u015fi\u015fleri Bakan\u0131 Sergey Lavrov ve \u0130ran D\u0131\u015f.Bak. Muhammed Cevad Zarif, Suriye&#8217;deki krize siyasi bir \u00e7\u00f6z\u00fcm bulma gere\u011fini yineledi.<\/p>\n<p><a href=\"http:\/\/107.6.182.27\/tr\/wp-content\/uploads\/2021\/01\/photo_2021-01-26_14-15-43-2.jpg\"><img loading=\"lazy\" decoding=\"async\" class=\"alignright size-medium wp-image-227270\" src=\"http:\/\/107.6.182.27\/tr\/wp-content\/uploads\/2021\/01\/photo_2021-01-26_14-15-43-2-300x155.jpg\" alt=\"\" width=\"300\" height=\"155\" srcset=\"https:\/\/archive.sana.sy\/tr\/wp-content\/uploads\/2021\/01\/photo_2021-01-26_14-15-43-2-300x155.jpg 300w, https:\/\/archive.sana.sy\/tr\/wp-content\/uploads\/2021\/01\/photo_2021-01-26_14-15-43-2-1024x530.jpg 1024w, https:\/\/archive.sana.sy\/tr\/wp-content\/uploads\/2021\/01\/photo_2021-01-26_14-15-43-2-150x78.jpg 150w, https:\/\/archive.sana.sy\/tr\/wp-content\/uploads\/2021\/01\/photo_2021-01-26_14-15-43-2-768x398.jpg 768w, https:\/\/archive.sana.sy\/tr\/wp-content\/uploads\/2021\/01\/photo_2021-01-26_14-15-43-2.jpg 1130w\" sizes=\"auto, (max-width: 300px) 100vw, 300px\" \/><\/a>Lavrov, \u0130ranl\u0131 mevkida\u015f\u0131yla bug\u00fcn Moskova&#8217;da d\u00fczenlenen bas\u0131n toplant\u0131s\u0131nda, Suriye&#8217;deki krize siyasi bir \u00e7\u00f6z\u00fcm bulma ve 2254 say\u0131l\u0131 BM Karar\u0131n\u0131 Suriye-Suriye diyalogu yoluyla d\u0131\u015f m\u00fcdahale olmaks\u0131z\u0131n uygulama ihtiyac\u0131n\u0131 vurgulayarak, g\u00f6r\u00fc\u015fmelerin Astana format\u0131nda \u00f6n\u00fcm\u00fczdeki \u015eubat ay\u0131nda So\u00e7i&#8217;de yap\u0131lmas\u0131 planlanan bir sonraki toplant\u0131 i\u00e7in haz\u0131rlanmakla ilgilendi\u011fini belirtti.<\/p>\n<p>Zarif ise uluslararas\u0131 toplumu Suriye&#8217;deki krize siyasi bir \u00e7\u00f6z\u00fcme ula\u015fma \u00e7abalar\u0131n\u0131 desteklemeye, bunu engellememe ve hak edenlere insani yard\u0131m sa\u011flamak i\u00e7in i\u015fbirli\u011fi yapmaya \u00e7a\u011f\u0131rd\u0131.<\/p>\n<p>P.M.<\/p>\n<div id='gallery-1' class='gallery galleryid-227267 gallery-columns-3 gallery-size-full'><figure class='gallery-item'>\n\t\t\t<div class='gallery-icon landscape'>\n\t\t\t\t<a href='https:\/\/archive.sana.sy\/tr\/wp-content\/uploads\/2021\/01\/photo_2021-01-26_14-15-43-4.jpg'><img loading=\"lazy\" decoding=\"async\" width=\"1280\" height=\"813\" src=\"https:\/\/archive.sana.sy\/tr\/wp-content\/uploads\/2021\/01\/photo_2021-01-26_14-15-43-4.jpg\" class=\"attachment-full size-full\" alt=\"\" srcset=\"https:\/\/archive.sana.sy\/tr\/wp-content\/uploads\/2021\/01\/photo_2021-01-26_14-15-43-4.jpg 1280w, https:\/\/archive.sana.sy\/tr\/wp-content\/uploads\/2021\/01\/photo_2021-01-26_14-15-43-4-300x191.jpg 300w, https:\/\/archive.sana.sy\/tr\/wp-content\/uploads\/2021\/01\/photo_2021-01-26_14-15-43-4-1024x650.jpg 1024w, https:\/\/archive.sana.sy\/tr\/wp-content\/uploads\/2021\/01\/photo_2021-01-26_14-15-43-4-150x95.jpg 150w, https:\/\/archive.sana.sy\/tr\/wp-content\/uploads\/2021\/01\/photo_2021-01-26_14-15-43-4-768x488.jpg 768w\" sizes=\"auto, (max-width: 1280px) 100vw, 1280px\" \/><\/a>\n\t\t\t<\/div><\/figure><figure class='gallery-item'>\n\t\t\t<div class='gallery-icon landscape'>\n\t\t\t\t<a href='https:\/\/archive.sana.sy\/tr\/wp-content\/uploads\/2021\/01\/photo_2021-01-26_14-15-43-5.jpg'><img loading=\"lazy\" decoding=\"async\" width=\"1246\" height=\"814\" src=\"https:\/\/archive.sana.sy\/tr\/wp-content\/uploads\/2021\/01\/photo_2021-01-26_14-15-43-5.jpg\" class=\"attachment-full size-full\" alt=\"\" srcset=\"https:\/\/archive.sana.sy\/tr\/wp-content\/uploads\/2021\/01\/photo_2021-01-26_14-15-43-5.jpg 1246w, https:\/\/archive.sana.sy\/tr\/wp-content\/uploads\/2021\/01\/photo_2021-01-26_14-15-43-5-300x196.jpg 300w, https:\/\/archive.sana.sy\/tr\/wp-content\/uploads\/2021\/01\/photo_2021-01-26_14-15-43-5-1024x669.jpg 1024w, https:\/\/archive.sana.sy\/tr\/wp-content\/uploads\/2021\/01\/photo_2021-01-26_14-15-43-5-150x98.jpg 150w, https:\/\/archive.sana.sy\/tr\/wp-content\/uploads\/2021\/01\/photo_2021-01-26_14-15-43-5-768x502.jpg 768w\" sizes=\"auto, (max-width: 1246px) 100vw, 1246px\" \/><\/a>\n\t\t\t<\/div><\/figure><figure class='gallery-item'>\n\t\t\t<div class='gallery-icon landscape'>\n\t\t\t\t<a href='https:\/\/archive.sana.sy\/tr\/wp-content\/uploads\/2021\/01\/photo_2021-01-26_14-15-43.jpg'><img loading=\"lazy\" decoding=\"async\" width=\"1152\" height=\"718\" src=\"https:\/\/archive.sana.sy\/tr\/wp-content\/uploads\/2021\/01\/photo_2021-01-26_14-15-43.jpg\" class=\"attachment-full size-full\" alt=\"\" srcset=\"https:\/\/archive.sana.sy\/tr\/wp-content\/uploads\/2021\/01\/photo_2021-01-26_14-15-43.jpg 1152w, https:\/\/archive.sana.sy\/tr\/wp-content\/uploads\/2021\/01\/photo_2021-01-26_14-15-43-300x187.jpg 300w, https:\/\/archive.sana.sy\/tr\/wp-content\/uploads\/2021\/01\/photo_2021-01-26_14-15-43-1024x638.jpg 1024w, https:\/\/archive.sana.sy\/tr\/wp-content\/uploads\/2021\/01\/photo_2021-01-26_14-15-43-150x93.jpg 150w, https:\/\/archive.sana.sy\/tr\/wp-content\/uploads\/2021\/01\/photo_2021-01-26_14-15-43-768x479.jpg 768w\" sizes=\"auto, (max-width: 1152px) 100vw, 1152px\" \/><\/a>\n\t\t\t<\/div><\/figure>\n\t\t<\/div>\n\n","protected":false},"excerpt":{"rendered":"<p>MOSKOVA \u2013 Rusya D\u0131\u015fi\u015fleri Bakan\u0131 Sergey Lavrov ve \u0130ran D\u0131\u015f.Bak. Muhammed Cevad Zarif, Suriye&#8217;deki krize siyasi bir \u00e7\u00f6z\u00fcm bulma gere\u011fini yineledi. Lavrov, \u0130ranl\u0131 mevkida\u015f\u0131yla bug\u00fcn Moskova&#8217;da d\u00fczenlenen bas\u0131n toplant\u0131s\u0131nda, Suriye&#8217;deki krize siyasi bir \u00e7\u00f6z\u00fcm bulma ve 2254 say\u0131l\u0131 BM Karar\u0131n\u0131 Suriye-Suriye diyalogu yoluyla d\u0131\u015f m\u00fcdahale olmaks\u0131z\u0131n uygulama ihtiyac\u0131n\u0131 vurgulayarak, g\u00f6r\u00fc\u015fmelerin Astana format\u0131nda \u00f6n\u00fcm\u00fczdeki \u015eubat ay\u0131nda &hellip;<\/p>\n","protected":false},"author":1,"featured_media":227268,"comment_status":"closed","ping_status":"closed","sticky":false,"template":"","format":"standard","meta":{"footnotes":""},"categories":[458,596,459,17988],"tags":[],"class_list":["post-227267","post","type-post","status-publish","format-standard","has-post-thumbnail","","category-dunya1","category-fotografli-raporlar","category-haberler-arap-uluslararasi-politika","category-son-haberler"],"_links":{"self":[{"href":"https:\/\/archive.sana.sy\/tr\/index.php?rest_route=\/wp\/v2\/posts\/227267","targetHints":{"allow":["GET"]}}],"collection":[{"href":"https:\/\/archive.sana.sy\/tr\/index.php?rest_route=\/wp\/v2\/posts"}],"about":[{"href":"https:\/\/archive.sana.sy\/tr\/index.php?rest_route=\/wp\/v2\/types\/post"}],"author":[{"embeddable":true,"href":"https:\/\/archive.sana.sy\/tr\/index.php?rest_route=\/wp\/v2\/users\/1"}],"replies":[{"embeddable":true,"href":"https:\/\/archive.sana.sy\/tr\/index.php?rest_route=%2Fwp%2Fv2%2Fcomments&post=227267"}],"version-history":[{"count":0,"href":"https:\/\/archive.sana.sy\/tr\/index.php?rest_route=\/wp\/v2\/posts\/227267\/revisions"}],"wp:featuredmedia":[{"embeddable":true,"href":"https:\/\/archive.sana.sy\/tr\/index.php?rest_route=\/wp\/v2\/media\/227268"}],"wp:attachment":[{"href":"https:\/\/archive.sana.sy\/tr\/index.php?rest_route=%2Fwp%2Fv2%2Fmedia&parent=227267"}],"wp:term":[{"taxonomy":"category","embeddable":true,"href":"https:\/\/archive.sana.sy\/tr\/index.php?rest_route=%2Fwp%2Fv2%2Fcategories&post=227267"},{"taxonomy":"post_tag","embeddable":true,"href":"https:\/\/archive.sana.sy\/tr\/index.php?rest_route=%2Fwp%2Fv2%2Ftags&post=227267"}],"curies":[{"name":"wp","href":"https:\/\/api.w.org\/{rel}","templated":true}]}}