{"id":227279,"date":"2021-01-26T18:31:25","date_gmt":"2021-01-26T16:31:25","guid":{"rendered":"http:\/\/107.6.182.27\/tr\/?p=227279"},"modified":"2021-01-27T15:25:38","modified_gmt":"2021-01-27T13:25:38","slug":"kabine-suriyenin-korona-asisini-guvence-altina-almak-icin-dunya-saglik-orgutu-araciligiyla-kovacs-girisimine-katilmasini","status":"publish","type":"post","link":"https:\/\/archive.sana.sy\/tr\/?p=227279","title":{"rendered":"Kabine, Suriye&#8217;nin Korona A\u015f\u0131s\u0131n\u0131 G\u00fcvence Alt\u0131na Almak \u0130\u00e7in D\u00fcnya Sa\u011fl\u0131k \u00d6rg\u00fct\u00fc Arac\u0131l\u0131\u011f\u0131yla Kovacs Giri\u015fimine Kat\u0131lmas\u0131n\u0131"},"content":{"rendered":"<p>\u015eAM \u2013 Bakanlar Kurulu, Ba\u015fbakan H\u00fcseyin Arnus&#8217;un ba\u015fkanl\u0131k etti\u011fi haftal\u0131k oturumunda, \u00fclkede yasal ya\u015fa ula\u015fm\u0131\u015f i\u015f\u00e7ilerin hizmetlerinin uzat\u0131lmas\u0131na y\u00f6nelik temelleri ve denetimleri onaylad\u0131.<\/p>\n<p>Kabine, uzatma hakk\u0131na sahip belirli i\u015fleri ve uzmanl\u0131klar\u0131 tan\u0131mlay\u0131p bakanl\u0131klar\u0131, kamu yarar\u0131na g\u00f6re incelenip onaylanabilmeleri i\u00e7in uzatma i\u00e7in gerekli i\u015f\u00e7ilerden cari y\u0131l\u0131n ilk yar\u0131s\u0131nda ihtiya\u00e7lar\u0131n\u0131 s\u0131ralamas\u0131 i\u00e7in g\u00f6revlendirdi.<\/p>\n<p><a href=\"http:\/\/107.6.182.27\/tr\/wp-content\/uploads\/2021\/01\/DHS2271-scaled.jpg\"><img loading=\"lazy\" decoding=\"async\" class=\"alignright size-medium wp-image-227281\" src=\"http:\/\/107.6.182.27\/tr\/wp-content\/uploads\/2021\/01\/DHS2271-300x165.jpg\" alt=\"\" width=\"300\" height=\"165\" srcset=\"https:\/\/archive.sana.sy\/tr\/wp-content\/uploads\/2021\/01\/DHS2271-300x165.jpg 300w, https:\/\/archive.sana.sy\/tr\/wp-content\/uploads\/2021\/01\/DHS2271-1024x564.jpg 1024w, https:\/\/archive.sana.sy\/tr\/wp-content\/uploads\/2021\/01\/DHS2271-150x83.jpg 150w, https:\/\/archive.sana.sy\/tr\/wp-content\/uploads\/2021\/01\/DHS2271-768x423.jpg 768w, https:\/\/archive.sana.sy\/tr\/wp-content\/uploads\/2021\/01\/DHS2271-1536x847.jpg 1536w, https:\/\/archive.sana.sy\/tr\/wp-content\/uploads\/2021\/01\/DHS2271-2048x1129.jpg 2048w\" sizes=\"auto, (max-width: 300px) 100vw, 300px\" \/><\/a>Kabine ayr\u0131ca, Koronavir\u00fcse kar\u015f\u0131 m\u00fcmk\u00fcn olan en k\u0131sa s\u00fcrede g\u00fcvenli bir a\u015f\u0131 sa\u011flamak i\u00e7in baz\u0131 anla\u015fmazl\u0131klar\u0131 \u00e7\u00f6zd\u00fckten sonra, Suriye&#8217;nin D\u00fcnya Sa\u011fl\u0131k \u00d6rg\u00fct\u00fc arac\u0131l\u0131\u011f\u0131yla &#8220;Kovacs&#8221; giri\u015fimine kat\u0131l\u0131m\u0131n\u0131 onaylad\u0131. Buna ek olarak kabine, a\u015f\u0131n\u0131n temin edilmesi ve vatanda\u015flara g\u00fcvence alt\u0131na al\u0131nmas\u0131 i\u00e7in dost \u00fclkelerle g\u00f6r\u00fc\u015fmelere devam etme konusunda gerekli \u00f6nlemleri almas\u0131 i\u00e7in Sa\u011fl\u0131k Bakanl\u0131\u011f\u0131&#8217;na talimat verdi.<\/p>\n<p>\u00d6te yandan kabine yang\u0131nlardan etkilenen ve itiraz talepleri kabul edilen \u00e7ift\u00e7i aidatlar\u0131n\u0131n \u00f6denmesi i\u00e7in ilave 1.560 milyon lira tahsis edilmesine karar verdi.<\/p>\n<p>Bunun yan\u0131 s\u0131ra kabine, mikro finans kurumlar\u0131n\u0131n \u00e7al\u0131\u015fmalar\u0131n\u0131 te\u015fvik etmeye ve onlara daha fazla te\u015fvik vermeye katk\u0131 sa\u011flayan mikrofinans bankalar\u0131n\u0131 olu\u015fturan kanun tasar\u0131s\u0131n\u0131 g\u00f6r\u00fc\u015ft\u00fc.<\/p>\n<p>Ba\u015fbakan Arnus ise, e-devlet projesinin uygulanmas\u0131 ve elektronik \u00f6deme ara\u00e7lar\u0131n\u0131n kullan\u0131m\u0131 kapsam\u0131nda bakanl\u0131k ve bunlara ba\u011fl\u0131 kurumlarda belgeler i\u00e7in elektronik ar\u015fivleme programlar\u0131 uygulamas\u0131na gitme ihtiyac\u0131n\u0131 vurgulad\u0131.<\/p>\n<p>Son olarak kabine, piyasalar\u0131 s\u0131k\u0131 bir \u015fekilde izleme, fiyatlar\u0131 kontrol etme ve vatanda\u015flar i\u00e7in temel mallar\u0131n mevcudiyetini sa\u011flama gere\u011fini yineledi.<\/p>\n<p>P.M.<\/p>\n<div id='gallery-1' class='gallery galleryid-227279 gallery-columns-2 gallery-size-full'><figure class='gallery-item'>\n\t\t\t<div class='gallery-icon landscape'>\n\t\t\t\t<a href='https:\/\/archive.sana.sy\/tr\/wp-content\/uploads\/2021\/01\/DHS2282-scaled.jpg'><img loading=\"lazy\" decoding=\"async\" width=\"2560\" height=\"1410\" src=\"https:\/\/archive.sana.sy\/tr\/wp-content\/uploads\/2021\/01\/DHS2282-scaled.jpg\" class=\"attachment-full size-full\" alt=\"\" srcset=\"https:\/\/archive.sana.sy\/tr\/wp-content\/uploads\/2021\/01\/DHS2282-scaled.jpg 2560w, https:\/\/archive.sana.sy\/tr\/wp-content\/uploads\/2021\/01\/DHS2282-300x165.jpg 300w, https:\/\/archive.sana.sy\/tr\/wp-content\/uploads\/2021\/01\/DHS2282-1024x564.jpg 1024w, https:\/\/archive.sana.sy\/tr\/wp-content\/uploads\/2021\/01\/DHS2282-150x83.jpg 150w, https:\/\/archive.sana.sy\/tr\/wp-content\/uploads\/2021\/01\/DHS2282-768x423.jpg 768w, https:\/\/archive.sana.sy\/tr\/wp-content\/uploads\/2021\/01\/DHS2282-1536x846.jpg 1536w, https:\/\/archive.sana.sy\/tr\/wp-content\/uploads\/2021\/01\/DHS2282-2048x1128.jpg 2048w\" sizes=\"auto, (max-width: 2560px) 100vw, 2560px\" \/><\/a>\n\t\t\t<\/div><\/figure><figure class='gallery-item'>\n\t\t\t<div class='gallery-icon landscape'>\n\t\t\t\t<a href='https:\/\/archive.sana.sy\/tr\/wp-content\/uploads\/2021\/01\/DHS2324-scaled.jpg'><img loading=\"lazy\" decoding=\"async\" width=\"2560\" height=\"1383\" src=\"https:\/\/archive.sana.sy\/tr\/wp-content\/uploads\/2021\/01\/DHS2324-scaled.jpg\" class=\"attachment-full size-full\" alt=\"\" srcset=\"https:\/\/archive.sana.sy\/tr\/wp-content\/uploads\/2021\/01\/DHS2324-scaled.jpg 2560w, https:\/\/archive.sana.sy\/tr\/wp-content\/uploads\/2021\/01\/DHS2324-300x162.jpg 300w, https:\/\/archive.sana.sy\/tr\/wp-content\/uploads\/2021\/01\/DHS2324-1024x553.jpg 1024w, https:\/\/archive.sana.sy\/tr\/wp-content\/uploads\/2021\/01\/DHS2324-150x81.jpg 150w, https:\/\/archive.sana.sy\/tr\/wp-content\/uploads\/2021\/01\/DHS2324-768x415.jpg 768w, https:\/\/archive.sana.sy\/tr\/wp-content\/uploads\/2021\/01\/DHS2324-1536x830.jpg 1536w, https:\/\/archive.sana.sy\/tr\/wp-content\/uploads\/2021\/01\/DHS2324-2048x1106.jpg 2048w\" sizes=\"auto, (max-width: 2560px) 100vw, 2560px\" \/><\/a>\n\t\t\t<\/div><\/figure>\n\t\t<\/div>\n\n","protected":false},"excerpt":{"rendered":"<p>\u015eAM \u2013 Bakanlar Kurulu, Ba\u015fbakan H\u00fcseyin Arnus&#8217;un ba\u015fkanl\u0131k etti\u011fi haftal\u0131k oturumunda, \u00fclkede yasal ya\u015fa ula\u015fm\u0131\u015f i\u015f\u00e7ilerin hizmetlerinin uzat\u0131lmas\u0131na y\u00f6nelik temelleri ve denetimleri onaylad\u0131. Kabine, uzatma hakk\u0131na sahip belirli i\u015fleri ve uzmanl\u0131klar\u0131 tan\u0131mlay\u0131p bakanl\u0131klar\u0131, kamu yarar\u0131na g\u00f6re incelenip onaylanabilmeleri i\u00e7in uzatma i\u00e7in gerekli i\u015f\u00e7ilerden cari y\u0131l\u0131n ilk yar\u0131s\u0131nda ihtiya\u00e7lar\u0131n\u0131 s\u0131ralamas\u0131 i\u00e7in g\u00f6revlendirdi. Kabine ayr\u0131ca, Koronavir\u00fcse kar\u015f\u0131 &hellip;<\/p>\n","protected":false},"author":1,"featured_media":227280,"comment_status":"closed","ping_status":"closed","sticky":false,"template":"","format":"standard","meta":{"footnotes":""},"categories":[596,479,17988,478],"tags":[],"class_list":["post-227279","post","type-post","status-publish","format-standard","has-post-thumbnail","","category-fotografli-raporlar","category-haberler-yerel","category-son-haberler","category-yerel"],"_links":{"self":[{"href":"https:\/\/archive.sana.sy\/tr\/index.php?rest_route=\/wp\/v2\/posts\/227279","targetHints":{"allow":["GET"]}}],"collection":[{"href":"https:\/\/archive.sana.sy\/tr\/index.php?rest_route=\/wp\/v2\/posts"}],"about":[{"href":"https:\/\/archive.sana.sy\/tr\/index.php?rest_route=\/wp\/v2\/types\/post"}],"author":[{"embeddable":true,"href":"https:\/\/archive.sana.sy\/tr\/index.php?rest_route=\/wp\/v2\/users\/1"}],"replies":[{"embeddable":true,"href":"https:\/\/archive.sana.sy\/tr\/index.php?rest_route=%2Fwp%2Fv2%2Fcomments&post=227279"}],"version-history":[{"count":0,"href":"https:\/\/archive.sana.sy\/tr\/index.php?rest_route=\/wp\/v2\/posts\/227279\/revisions"}],"wp:featuredmedia":[{"embeddable":true,"href":"https:\/\/archive.sana.sy\/tr\/index.php?rest_route=\/wp\/v2\/media\/227280"}],"wp:attachment":[{"href":"https:\/\/archive.sana.sy\/tr\/index.php?rest_route=%2Fwp%2Fv2%2Fmedia&parent=227279"}],"wp:term":[{"taxonomy":"category","embeddable":true,"href":"https:\/\/archive.sana.sy\/tr\/index.php?rest_route=%2Fwp%2Fv2%2Fcategories&post=227279"},{"taxonomy":"post_tag","embeddable":true,"href":"https:\/\/archive.sana.sy\/tr\/index.php?rest_route=%2Fwp%2Fv2%2Ftags&post=227279"}],"curies":[{"name":"wp","href":"https:\/\/api.w.org\/{rel}","templated":true}]}}