{"id":227298,"date":"2021-01-26T23:13:31","date_gmt":"2021-01-26T21:13:31","guid":{"rendered":"http:\/\/107.6.182.27\/tr\/?p=227298"},"modified":"2021-01-27T15:31:28","modified_gmt":"2021-01-27T13:31:28","slug":"ordu-sivil-ve-askeri-araclara-saldiran-teror-grubunu-etkisiz-hale-getirdi","status":"publish","type":"post","link":"https:\/\/archive.sana.sy\/tr\/?p=227298","title":{"rendered":"Ordu Sivil ve Askeri Ara\u00e7lara Sald\u0131ran Ter\u00f6r Grubunu Etkisiz Hale Getirdi"},"content":{"rendered":"<p style=\"text-align: justify;\">DEYREZZOR \u2013 Ge\u00e7ti\u011fimiz g\u00fcnlerde bir\u00e7ok sivil ve askerin \u015fehit d\u00fc\u015fmesi ve yaralanmas\u0131na yol a\u00e7an, El \u015eula ve Kenacib b\u00f6lgeleri Deyrezzor \u2013 Tedmur yolunda baz\u0131 sivil ve askeri ara\u00e7lara sald\u0131ran bir ter\u00f6r grubu Suriye Arap Ordu Birli\u011fi taraf\u0131ndan etkisiz hale getirildi.<\/p>\n<p style=\"text-align: justify;\">Suriye Arap Ordu&#8217;sunda saha komutanlar\u0131ndan biri Deyrezzor SANA muhabirine yapt\u0131\u011f\u0131 a\u00e7\u0131klamada, operasyonun Uluslararas\u0131 Deyrezzor \u2013Tedmur otoyolu paralelindeki Badiye&#8217;yi taramas\u0131 ard\u0131ndan yap\u0131ld\u0131\u011f\u0131n\u0131, ter\u00f6ristlerin el \u015eula Kebacib b\u00f6lgeleri aras\u0131ndaki hareketlenmelerinin izlendi\u011fini bunun sonucunda Suriye Arap Ordu birli\u011fi taraf\u0131ndan ate\u015fle hedef al\u0131nd\u0131\u011f\u0131n\u0131 ve 5 ter\u00f6ristin \u00f6ld\u00fcr\u00fcld\u00fc\u011f\u00fcn\u00fc ve kendilerine ait bir arazi arac\u0131n\u0131n da imha edildi\u011fini ifade etti.<\/p>\n<div id='gallery-1' class='gallery galleryid-227298 gallery-columns-1 gallery-size-full'><figure class='gallery-item'>\n\t\t\t<div class='gallery-icon landscape'>\n\t\t\t\t<a href='https:\/\/archive.sana.sy\/tr\/wp-content\/uploads\/2021\/01\/photo_2021-01-26_21-25-59-scaled.jpg'><img loading=\"lazy\" decoding=\"async\" width=\"2560\" height=\"1706\" src=\"https:\/\/archive.sana.sy\/tr\/wp-content\/uploads\/2021\/01\/photo_2021-01-26_21-25-59-scaled.jpg\" class=\"attachment-full size-full\" alt=\"\" srcset=\"https:\/\/archive.sana.sy\/tr\/wp-content\/uploads\/2021\/01\/photo_2021-01-26_21-25-59-scaled.jpg 2560w, https:\/\/archive.sana.sy\/tr\/wp-content\/uploads\/2021\/01\/photo_2021-01-26_21-25-59-300x200.jpg 300w, https:\/\/archive.sana.sy\/tr\/wp-content\/uploads\/2021\/01\/photo_2021-01-26_21-25-59-1024x682.jpg 1024w, https:\/\/archive.sana.sy\/tr\/wp-content\/uploads\/2021\/01\/photo_2021-01-26_21-25-59-150x100.jpg 150w, https:\/\/archive.sana.sy\/tr\/wp-content\/uploads\/2021\/01\/photo_2021-01-26_21-25-59-768x512.jpg 768w, https:\/\/archive.sana.sy\/tr\/wp-content\/uploads\/2021\/01\/photo_2021-01-26_21-25-59-1536x1024.jpg 1536w, https:\/\/archive.sana.sy\/tr\/wp-content\/uploads\/2021\/01\/photo_2021-01-26_21-25-59-2048x1365.jpg 2048w\" sizes=\"auto, (max-width: 2560px) 100vw, 2560px\" \/><\/a>\n\t\t\t<\/div><\/figure>\n\t\t<\/div>\n\n","protected":false},"excerpt":{"rendered":"<p>DEYREZZOR \u2013 Ge\u00e7ti\u011fimiz g\u00fcnlerde bir\u00e7ok sivil ve askerin \u015fehit d\u00fc\u015fmesi ve yaralanmas\u0131na yol a\u00e7an, El \u015eula ve Kenacib b\u00f6lgeleri Deyrezzor \u2013 Tedmur yolunda baz\u0131 sivil ve askeri ara\u00e7lara sald\u0131ran bir ter\u00f6r grubu Suriye Arap Ordu Birli\u011fi taraf\u0131ndan etkisiz hale getirildi. Suriye Arap Ordu&#8217;sunda saha komutanlar\u0131ndan biri Deyrezzor SANA muhabirine yapt\u0131\u011f\u0131 a\u00e7\u0131klamada, operasyonun Uluslararas\u0131 Deyrezzor \u2013Tedmur &hellip;<\/p>\n","protected":false},"author":1,"featured_media":227300,"comment_status":"closed","ping_status":"closed","sticky":false,"template":"","format":"standard","meta":{"footnotes":""},"categories":[479,575,17988,478],"tags":[],"class_list":["post-227298","post","type-post","status-publish","format-standard","has-post-thumbnail","","category-haberler-yerel","category-olaylar-ve-gercekler","category-son-haberler","category-yerel"],"_links":{"self":[{"href":"https:\/\/archive.sana.sy\/tr\/index.php?rest_route=\/wp\/v2\/posts\/227298","targetHints":{"allow":["GET"]}}],"collection":[{"href":"https:\/\/archive.sana.sy\/tr\/index.php?rest_route=\/wp\/v2\/posts"}],"about":[{"href":"https:\/\/archive.sana.sy\/tr\/index.php?rest_route=\/wp\/v2\/types\/post"}],"author":[{"embeddable":true,"href":"https:\/\/archive.sana.sy\/tr\/index.php?rest_route=\/wp\/v2\/users\/1"}],"replies":[{"embeddable":true,"href":"https:\/\/archive.sana.sy\/tr\/index.php?rest_route=%2Fwp%2Fv2%2Fcomments&post=227298"}],"version-history":[{"count":0,"href":"https:\/\/archive.sana.sy\/tr\/index.php?rest_route=\/wp\/v2\/posts\/227298\/revisions"}],"wp:featuredmedia":[{"embeddable":true,"href":"https:\/\/archive.sana.sy\/tr\/index.php?rest_route=\/wp\/v2\/media\/227300"}],"wp:attachment":[{"href":"https:\/\/archive.sana.sy\/tr\/index.php?rest_route=%2Fwp%2Fv2%2Fmedia&parent=227298"}],"wp:term":[{"taxonomy":"category","embeddable":true,"href":"https:\/\/archive.sana.sy\/tr\/index.php?rest_route=%2Fwp%2Fv2%2Fcategories&post=227298"},{"taxonomy":"post_tag","embeddable":true,"href":"https:\/\/archive.sana.sy\/tr\/index.php?rest_route=%2Fwp%2Fv2%2Ftags&post=227298"}],"curies":[{"name":"wp","href":"https:\/\/api.w.org\/{rel}","templated":true}]}}