{"id":22730,"date":"2015-02-03T09:33:49","date_gmt":"2015-02-03T07:33:49","guid":{"rendered":"http:\/\/www.sana.sy\/tr\/?p=22730"},"modified":"2015-02-03T13:12:12","modified_gmt":"2015-02-03T11:12:12","slug":"suriyeyi-destekleme-ve-krizinin-cozumune-yardimci-olacagiz","status":"publish","type":"post","link":"https:\/\/archive.sana.sy\/tr\/?p=22730","title":{"rendered":"I\u015e\u0130D, Onu Destekleyen Devletlere de Tehlike Olu\u015fturuyor"},"content":{"rendered":"<p>BEYRUT &#8211; \u0130ran \u015eura Meclisinde Milli G\u00fcvenlik ve D\u0131\u015f Politika Komitesi Ba\u015fkan\u0131 Alauddin Brojerdi; \u0130ran\u2019\u0131n Suriye\u2019ye deste\u011fi ve krizinin \u00e7\u00f6z\u00fcm\u00fcnde yard\u0131mc\u0131 olmay\u0131 s\u00fcrd\u00fcrece\u011fini \u00e7\u00fcnk\u00fc devam etmesinin b\u00f6lgede hi\u00e7 kimsenin \u00e7\u0131kar\u0131na olmayaca\u011f\u0131n\u0131 belirtti.<\/p>\n<p>El Menar televizyonunun kendisiyle d\u00fczenledi\u011fi g\u00f6r\u00fc\u015fmede Brojerdi, Suriye\u2019de \u00f6nemli olan\u0131n devleti d\u00fc\u015f\u00fcrme, veya b\u00f6lme ve par\u00e7alama a\u015famas\u0131n\u0131n sona erdi\u011fini s\u00f6yledi.<\/p>\n<p>Brojerdi, Suriye Arap ordusunun da ter\u00f6rist gruplara y\u00f6nelik zaferler sa\u011flad\u0131\u011f\u0131n\u0131 vurgulad\u0131.<\/p>\n<p>Suriye\u2019ye kom\u015fu olan ve i\u00e7indeki ter\u00f6ristleri destekleyen, para ve silah tedarikinde bulunan \u00fclkelere politikalar\u0131n\u0131 de\u011fi\u015ftirmelerine \u00e7a\u011fr\u0131 yapan Brojerdi, I\u015e\u0130D ter\u00f6r \u00f6rg\u00fct\u00fcn\u00fcn sadece Suriye ve Irak\u2019a de\u011fil destekleyici \u00fclkelere bile tehdit olu\u015fturdu\u011funu s\u00f6yledi.<\/p>\n<p>Brojerdi: \u201cBizler Suriye\u2019yi Siyonist varl\u0131kla \u00e7at\u0131\u015fma devleti olmas\u0131ndan dolay\u0131 destekliyoruz, son \u0130srail sald\u0131r\u0131s\u0131nda oldu\u011fu gibi direni\u015f cephesinden herhangi bir tarafa yap\u0131lan sald\u0131r\u0131 b\u00fct\u00fcn cepheye yap\u0131lm\u0131\u015f bir sald\u0131r\u0131d\u0131r bu y\u00fczden buna kar\u015f\u0131l\u0131k vermesi hakk\u0131d\u0131r\u201d dedi.<\/p>\n<p>S.\u015e. &#8211; R.H.<\/p>\n","protected":false},"excerpt":{"rendered":"<p>BEYRUT &#8211; \u0130ran \u015eura Meclisinde Milli G\u00fcvenlik ve D\u0131\u015f Politika Komitesi Ba\u015fkan\u0131 Alauddin Brojerdi; \u0130ran\u2019\u0131n Suriye\u2019ye deste\u011fi ve krizinin \u00e7\u00f6z\u00fcm\u00fcnde yard\u0131mc\u0131 olmay\u0131 s\u00fcrd\u00fcrece\u011fini \u00e7\u00fcnk\u00fc devam etmesinin b\u00f6lgede hi\u00e7 kimsenin \u00e7\u0131kar\u0131na olmayaca\u011f\u0131n\u0131 belirtti. El Menar televizyonunun kendisiyle d\u00fczenledi\u011fi g\u00f6r\u00fc\u015fmede Brojerdi, Suriye\u2019de \u00f6nemli olan\u0131n devleti d\u00fc\u015f\u00fcrme, veya b\u00f6lme ve par\u00e7alama a\u015famas\u0131n\u0131n sona erdi\u011fini s\u00f6yledi. Brojerdi, Suriye Arap &hellip;<\/p>\n","protected":false},"author":1,"featured_media":22731,"comment_status":"closed","ping_status":"closed","sticky":false,"template":"","format":"standard","meta":{"footnotes":""},"categories":[458,459,447],"tags":[11149],"class_list":["post-22730","post","type-post","status-publish","format-standard","has-post-thumbnail","","category-dunya1","category-haberler-arap-uluslararasi-politika","category-politika","tag-suriyeyi-destekleme-ve-krizinin-cozumune-yardimci-olacagiz-beyrut-iran-sura-meclisinde-milli-guvenlik-ve-dis-politika-komitesi-baskani-alauddin-brojerdi-iranin-suriyeye-d"],"_links":{"self":[{"href":"https:\/\/archive.sana.sy\/tr\/index.php?rest_route=\/wp\/v2\/posts\/22730","targetHints":{"allow":["GET"]}}],"collection":[{"href":"https:\/\/archive.sana.sy\/tr\/index.php?rest_route=\/wp\/v2\/posts"}],"about":[{"href":"https:\/\/archive.sana.sy\/tr\/index.php?rest_route=\/wp\/v2\/types\/post"}],"author":[{"embeddable":true,"href":"https:\/\/archive.sana.sy\/tr\/index.php?rest_route=\/wp\/v2\/users\/1"}],"replies":[{"embeddable":true,"href":"https:\/\/archive.sana.sy\/tr\/index.php?rest_route=%2Fwp%2Fv2%2Fcomments&post=22730"}],"version-history":[{"count":0,"href":"https:\/\/archive.sana.sy\/tr\/index.php?rest_route=\/wp\/v2\/posts\/22730\/revisions"}],"wp:featuredmedia":[{"embeddable":true,"href":"https:\/\/archive.sana.sy\/tr\/index.php?rest_route=\/wp\/v2\/media\/22731"}],"wp:attachment":[{"href":"https:\/\/archive.sana.sy\/tr\/index.php?rest_route=%2Fwp%2Fv2%2Fmedia&parent=22730"}],"wp:term":[{"taxonomy":"category","embeddable":true,"href":"https:\/\/archive.sana.sy\/tr\/index.php?rest_route=%2Fwp%2Fv2%2Fcategories&post=22730"},{"taxonomy":"post_tag","embeddable":true,"href":"https:\/\/archive.sana.sy\/tr\/index.php?rest_route=%2Fwp%2Fv2%2Ftags&post=22730"}],"curies":[{"name":"wp","href":"https:\/\/api.w.org\/{rel}","templated":true}]}}