{"id":227308,"date":"2021-01-27T08:39:47","date_gmt":"2021-01-27T06:39:47","guid":{"rendered":"http:\/\/107.6.182.27\/tr\/?p=227308"},"modified":"2021-01-28T08:10:20","modified_gmt":"2021-01-28T06:10:20","slug":"dsg-milisleri-zibyan-beldesinden-birkac-sivili-kacirdi","status":"publish","type":"post","link":"https:\/\/archive.sana.sy\/tr\/?p=227308","title":{"rendered":"DSG Milisleri Zibyan Beldesinden Birka\u00e7 Sivili Ka\u00e7\u0131rd\u0131"},"content":{"rendered":"<p>DEYREZZOR \u2013 \u0130\u015fgalci Amerikan g\u00fc\u00e7leri taraf\u0131ndan desteklenen &#8220;DSG\u201d milisleri, Deyrezzor k\u0131rsal\u0131n\u0131n do\u011fusunda yer alan Zibyan beldesinde bask\u0131n d\u00fczenleyip birka\u00e7 sivili ka\u00e7\u0131rd\u0131.<\/p>\n<p>Yerel kaynaklar SANA muhabirine, &#8220;DSG&#8221; milislerinden silahl\u0131 gruplar\u0131n, Zibyan beldesindeki evlere bask\u0131n d\u00fczenleyip birka\u00e7 sivili ka\u00e7\u0131rd\u0131\u011f\u0131n\u0131 belirtirken,\u00a0 g\u00f6zleri ba\u011flanarak bilinmeyen bir yere g\u00f6t\u00fcrd\u00fc\u011f\u00fcne i\u015faret etti.<\/p>\n<p>\u00c7eviri: M.Y<\/p>\n","protected":false},"excerpt":{"rendered":"<p>DEYREZZOR \u2013 \u0130\u015fgalci Amerikan g\u00fc\u00e7leri taraf\u0131ndan desteklenen &#8220;DSG\u201d milisleri, Deyrezzor k\u0131rsal\u0131n\u0131n do\u011fusunda yer alan Zibyan beldesinde bask\u0131n d\u00fczenleyip birka\u00e7 sivili ka\u00e7\u0131rd\u0131. Yerel kaynaklar SANA muhabirine, &#8220;DSG&#8221; milislerinden silahl\u0131 gruplar\u0131n, Zibyan beldesindeki evlere bask\u0131n d\u00fczenleyip birka\u00e7 sivili ka\u00e7\u0131rd\u0131\u011f\u0131n\u0131 belirtirken,\u00a0 g\u00f6zleri ba\u011flanarak bilinmeyen bir yere g\u00f6t\u00fcrd\u00fc\u011f\u00fcne i\u015faret etti. \u00c7eviri: M.Y<\/p>\n","protected":false},"author":36,"featured_media":227309,"comment_status":"closed","ping_status":"closed","sticky":false,"template":"","format":"standard","meta":{"footnotes":""},"categories":[479,575,17988,478],"tags":[],"class_list":["post-227308","post","type-post","status-publish","format-standard","has-post-thumbnail","","category-haberler-yerel","category-olaylar-ve-gercekler","category-son-haberler","category-yerel"],"_links":{"self":[{"href":"https:\/\/archive.sana.sy\/tr\/index.php?rest_route=\/wp\/v2\/posts\/227308","targetHints":{"allow":["GET"]}}],"collection":[{"href":"https:\/\/archive.sana.sy\/tr\/index.php?rest_route=\/wp\/v2\/posts"}],"about":[{"href":"https:\/\/archive.sana.sy\/tr\/index.php?rest_route=\/wp\/v2\/types\/post"}],"author":[{"embeddable":true,"href":"https:\/\/archive.sana.sy\/tr\/index.php?rest_route=\/wp\/v2\/users\/36"}],"replies":[{"embeddable":true,"href":"https:\/\/archive.sana.sy\/tr\/index.php?rest_route=%2Fwp%2Fv2%2Fcomments&post=227308"}],"version-history":[{"count":0,"href":"https:\/\/archive.sana.sy\/tr\/index.php?rest_route=\/wp\/v2\/posts\/227308\/revisions"}],"wp:featuredmedia":[{"embeddable":true,"href":"https:\/\/archive.sana.sy\/tr\/index.php?rest_route=\/wp\/v2\/media\/227309"}],"wp:attachment":[{"href":"https:\/\/archive.sana.sy\/tr\/index.php?rest_route=%2Fwp%2Fv2%2Fmedia&parent=227308"}],"wp:term":[{"taxonomy":"category","embeddable":true,"href":"https:\/\/archive.sana.sy\/tr\/index.php?rest_route=%2Fwp%2Fv2%2Fcategories&post=227308"},{"taxonomy":"post_tag","embeddable":true,"href":"https:\/\/archive.sana.sy\/tr\/index.php?rest_route=%2Fwp%2Fv2%2Ftags&post=227308"}],"curies":[{"name":"wp","href":"https:\/\/api.w.org\/{rel}","templated":true}]}}