{"id":227339,"date":"2021-01-27T10:26:43","date_gmt":"2021-01-27T08:26:43","guid":{"rendered":"http:\/\/107.6.182.27\/tr\/?p=227339"},"modified":"2021-01-28T08:09:24","modified_gmt":"2021-01-28T06:09:24","slug":"el-rai-bolgesinde-isgalci-turkiyenin-kiraliklarindan-bir-terorist-olduruldu","status":"publish","type":"post","link":"https:\/\/archive.sana.sy\/tr\/?p=227339","title":{"rendered":"El Rai B\u00f6lgesinde \u0130sgalci T\u00fcrkiye&#8217;nin Kiral\u0131klar\u0131ndan Bir Ter\u00f6rist \u00d6ld\u00fcr\u00fcld\u00fc"},"content":{"rendered":"<p>HALEP \u2013 Halep k\u0131rsak\u0131n\u0131n kuzeyinde yer alan el Rai b\u00f6lgesinde, i\u015fgalci T\u00fcrk g\u00fc\u00e7lerinin kiraliklar\u0131ndan biri \u00f6ld\u00fcr\u00fcld\u00fc, bir di\u011feri de yaraland\u0131.<\/p>\n<p>Yerel kaynaklar SANA muhabirine a\u00e7\u0131klamas\u0131nda, Halep k\u0131rsal\u0131n\u0131n kuzeyinde yer alan El Rai b\u00f6lgesinde, i\u015fgalci T\u00fcrk g\u00fc\u00e7lerinin s\u00f6zde \u201cSultan Murad\u201d ter\u00f6r gruplar\u0131ndan 1 silahl\u0131n\u0131n vurularak \u00f6ld\u00fcr\u00fcld\u00fc\u011f\u00fcn\u00fc, di\u011ferinin de yaraland\u0131\u011f\u0131n\u0131 belirtti.<\/p>\n<p>\u00c7eviri: M.Y<\/p>\n","protected":false},"excerpt":{"rendered":"<p>HALEP \u2013 Halep k\u0131rsak\u0131n\u0131n kuzeyinde yer alan el Rai b\u00f6lgesinde, i\u015fgalci T\u00fcrk g\u00fc\u00e7lerinin kiraliklar\u0131ndan biri \u00f6ld\u00fcr\u00fcld\u00fc, bir di\u011feri de yaraland\u0131. Yerel kaynaklar SANA muhabirine a\u00e7\u0131klamas\u0131nda, Halep k\u0131rsal\u0131n\u0131n kuzeyinde yer alan El Rai b\u00f6lgesinde, i\u015fgalci T\u00fcrk g\u00fc\u00e7lerinin s\u00f6zde \u201cSultan Murad\u201d ter\u00f6r gruplar\u0131ndan 1 silahl\u0131n\u0131n vurularak \u00f6ld\u00fcr\u00fcld\u00fc\u011f\u00fcn\u00fc, di\u011ferinin de yaraland\u0131\u011f\u0131n\u0131 belirtti. \u00c7eviri: M.Y<\/p>\n","protected":false},"author":36,"featured_media":0,"comment_status":"closed","ping_status":"closed","sticky":false,"template":"","format":"standard","meta":{"footnotes":""},"categories":[479,575,17988,2554,2555,478],"tags":[],"class_list":["post-227339","post","type-post","status-publish","format-standard","","category-haberler-yerel","category-olaylar-ve-gercekler","category-son-haberler","category-suriye-ve-dunya","category-suriye-ve-turkiye","category-yerel"],"_links":{"self":[{"href":"https:\/\/archive.sana.sy\/tr\/index.php?rest_route=\/wp\/v2\/posts\/227339","targetHints":{"allow":["GET"]}}],"collection":[{"href":"https:\/\/archive.sana.sy\/tr\/index.php?rest_route=\/wp\/v2\/posts"}],"about":[{"href":"https:\/\/archive.sana.sy\/tr\/index.php?rest_route=\/wp\/v2\/types\/post"}],"author":[{"embeddable":true,"href":"https:\/\/archive.sana.sy\/tr\/index.php?rest_route=\/wp\/v2\/users\/36"}],"replies":[{"embeddable":true,"href":"https:\/\/archive.sana.sy\/tr\/index.php?rest_route=%2Fwp%2Fv2%2Fcomments&post=227339"}],"version-history":[{"count":0,"href":"https:\/\/archive.sana.sy\/tr\/index.php?rest_route=\/wp\/v2\/posts\/227339\/revisions"}],"wp:attachment":[{"href":"https:\/\/archive.sana.sy\/tr\/index.php?rest_route=%2Fwp%2Fv2%2Fmedia&parent=227339"}],"wp:term":[{"taxonomy":"category","embeddable":true,"href":"https:\/\/archive.sana.sy\/tr\/index.php?rest_route=%2Fwp%2Fv2%2Fcategories&post=227339"},{"taxonomy":"post_tag","embeddable":true,"href":"https:\/\/archive.sana.sy\/tr\/index.php?rest_route=%2Fwp%2Fv2%2Ftags&post=227339"}],"curies":[{"name":"wp","href":"https:\/\/api.w.org\/{rel}","templated":true}]}}