{"id":227413,"date":"2021-01-27T13:01:12","date_gmt":"2021-01-27T11:01:12","guid":{"rendered":"http:\/\/107.6.182.27\/tr\/?p=227413"},"modified":"2021-01-28T08:09:35","modified_gmt":"2021-01-28T06:09:35","slug":"sam-kirsalinda-bir-araba-hirsizligi-cetesi-tutuklandi","status":"publish","type":"post","link":"https:\/\/archive.sana.sy\/tr\/?p=227413","title":{"rendered":"\u015eam K\u0131rsal\u0131nda Bir Araba H\u0131rs\u0131zl\u0131\u011f\u0131 \u00c7etesi Tutukland\u0131"},"content":{"rendered":"<p>\u015eAM \u2013 Bebbila il\u00e7e polisi Kriminal Ara\u015ft\u0131rma B\u00fcrosu \u00fcyeleri, \u015eam&#8217;\u0131n k\u0131rsal kesimindeki el H\u00fcseyniye mevkiinde arabalar\u0131 yerlerinden \u00e7\u0131kar\u0131p k\u0131rarak ve uygun anahtarlar\u0131 kullanarak \u00e7alan \u00e7ete \u00fcyelerini tutuklad\u0131.<\/p>\n<p>\u0130\u00e7i\u015fleri Bakanl\u0131\u011f\u0131 yay\u0131nlad\u0131\u011f\u0131 beyanda, Bebbila \u0130l\u00e7e Polisi Kriminal Ara\u015ft\u0131rma B\u00fcrosu ve \u015eam el H\u00fcseyniye Karakolu&#8217;nun takibi sonucunda Kriminal Ara\u015ft\u0131rma B\u00fcrosu mensuplar\u0131n\u0131n el H\u00fcseyniye mahallesinde di\u011fer ki\u015filerle birlikte birka\u00e7 araba \u00e7ald\u0131\u011f\u0131n\u0131 itiraf eden bir ki\u015fiyi tutuklad\u0131\u011f\u0131n\u0131 belirtti. Beyan, tutuklanan \u015f\u00fcphelinin \u00e7al\u0131nt\u0131 arabalar\u0131 teslim etmek i\u00e7in S\u00fcveyda \u0130line g\u00f6ndermek \u00fczere izleme, yollar, piller ve benzin aras\u0131nda g\u00f6revler da\u011f\u0131tarak \u015eam k\u0131rsal\u0131n\u0131n g\u00fcneyinde arabalar\u0131 k\u00f6t\u00fcye kullanmak i\u00e7in bir \u00e7ete kurduklar\u0131n\u0131 itiraf etti\u011fini ekledi.<\/p>\n<p>Bakanl\u0131k beyan\u0131nda ayr\u0131ca, t\u00fcm \u00e7ete \u00fcyelerinin tutukland\u0131\u011f\u0131na i\u015faret ederek soru\u015fturma s\u0131ras\u0131nda kendilerine mensup t\u00fcm su\u00e7lamalar\u0131n\u0131 itiraf ettiklerini, ard\u0131ndan da yetkili mahkemeye iletildiklerini kaydetti.<\/p>\n<p>P.M.<\/p>\n","protected":false},"excerpt":{"rendered":"<p>\u015eAM \u2013 Bebbila il\u00e7e polisi Kriminal Ara\u015ft\u0131rma B\u00fcrosu \u00fcyeleri, \u015eam&#8217;\u0131n k\u0131rsal kesimindeki el H\u00fcseyniye mevkiinde arabalar\u0131 yerlerinden \u00e7\u0131kar\u0131p k\u0131rarak ve uygun anahtarlar\u0131 kullanarak \u00e7alan \u00e7ete \u00fcyelerini tutuklad\u0131. \u0130\u00e7i\u015fleri Bakanl\u0131\u011f\u0131 yay\u0131nlad\u0131\u011f\u0131 beyanda, Bebbila \u0130l\u00e7e Polisi Kriminal Ara\u015ft\u0131rma B\u00fcrosu ve \u015eam el H\u00fcseyniye Karakolu&#8217;nun takibi sonucunda Kriminal Ara\u015ft\u0131rma B\u00fcrosu mensuplar\u0131n\u0131n el H\u00fcseyniye mahallesinde di\u011fer ki\u015filerle birlikte birka\u00e7 &hellip;<\/p>\n","protected":false},"author":1,"featured_media":227414,"comment_status":"closed","ping_status":"closed","sticky":false,"template":"","format":"standard","meta":{"footnotes":""},"categories":[479,17988,478],"tags":[],"class_list":["post-227413","post","type-post","status-publish","format-standard","has-post-thumbnail","","category-haberler-yerel","category-son-haberler","category-yerel"],"_links":{"self":[{"href":"https:\/\/archive.sana.sy\/tr\/index.php?rest_route=\/wp\/v2\/posts\/227413","targetHints":{"allow":["GET"]}}],"collection":[{"href":"https:\/\/archive.sana.sy\/tr\/index.php?rest_route=\/wp\/v2\/posts"}],"about":[{"href":"https:\/\/archive.sana.sy\/tr\/index.php?rest_route=\/wp\/v2\/types\/post"}],"author":[{"embeddable":true,"href":"https:\/\/archive.sana.sy\/tr\/index.php?rest_route=\/wp\/v2\/users\/1"}],"replies":[{"embeddable":true,"href":"https:\/\/archive.sana.sy\/tr\/index.php?rest_route=%2Fwp%2Fv2%2Fcomments&post=227413"}],"version-history":[{"count":0,"href":"https:\/\/archive.sana.sy\/tr\/index.php?rest_route=\/wp\/v2\/posts\/227413\/revisions"}],"wp:featuredmedia":[{"embeddable":true,"href":"https:\/\/archive.sana.sy\/tr\/index.php?rest_route=\/wp\/v2\/media\/227414"}],"wp:attachment":[{"href":"https:\/\/archive.sana.sy\/tr\/index.php?rest_route=%2Fwp%2Fv2%2Fmedia&parent=227413"}],"wp:term":[{"taxonomy":"category","embeddable":true,"href":"https:\/\/archive.sana.sy\/tr\/index.php?rest_route=%2Fwp%2Fv2%2Fcategories&post=227413"},{"taxonomy":"post_tag","embeddable":true,"href":"https:\/\/archive.sana.sy\/tr\/index.php?rest_route=%2Fwp%2Fv2%2Ftags&post=227413"}],"curies":[{"name":"wp","href":"https:\/\/api.w.org\/{rel}","templated":true}]}}