{"id":227419,"date":"2021-01-27T11:59:40","date_gmt":"2021-01-27T09:59:40","guid":{"rendered":"http:\/\/107.6.182.27\/tr\/?p=227419"},"modified":"2021-01-28T08:09:27","modified_gmt":"2021-01-28T06:09:27","slug":"filistin-disisleri-bakanligi-isgal-suclarini-ve-yerlesim-planlarini-surduruyor","status":"publish","type":"post","link":"https:\/\/archive.sana.sy\/tr\/?p=227419","title":{"rendered":"Filistin D\u0131\u015fi\u015fleri Bakanl\u0131\u011f\u0131: \u0130\u015fgal, Su\u00e7lar\u0131n\u0131 ve Yerle\u015fim Planlar\u0131n\u0131 S\u00fcrd\u00fcr\u00fcyor"},"content":{"rendered":"<p>\u0130\u015eGAL ALTINDAK\u0130 KUD\u00dcS \u2013 Filistin D\u0131\u015fi\u015fleri Bakanl\u0131\u011f\u0131, \u0130srail i\u015fgalinin, ba\u015fkenti Kud\u00fcs&#8217;e co\u011frafi olarak ba\u011fl\u0131 ba\u011f\u0131ms\u0131z bir Filistin devleti kurmak i\u00e7in her t\u00fcrl\u00fc f\u0131rsata kap\u0131y\u0131 kapatmak amac\u0131yla i\u015fgal alt\u0131ndaki Filistin topraklar\u0131nda su\u00e7 ve yerle\u015fim planlar\u0131n\u0131 s\u00fcrd\u00fcrd\u00fc\u011f\u00fcn\u00fc teyit etti.<\/p>\n<p>Filistin D\u0131\u015fi\u015fleri Bakanl\u0131\u011f\u0131, bug\u00fcn Wafa Ajans\u0131 taraf\u0131ndan aktar\u0131lan bir a\u00e7\u0131klamada, Filistinlilere kar\u015f\u0131 devam eden i\u015fgal su\u00e7lar\u0131n\u0131 k\u0131narak bunlar\u0131n en sonuncusu Bat\u0131 Yaka&#8217;daki Salfit \u015fehrinde d\u00fcn so\u011fukkanl\u0131l\u0131kla 17 ya\u015f\u0131ndaki Ata Muhammed Rayan&#8217;\u0131n \u00f6ld\u00fcr\u00fclmesi oldu\u011funu belirtti.<\/p>\n<p>Filistin D\u0131\u015fi\u015fleri Bakanl\u0131\u011f\u0131 ayr\u0131ca, uluslararas\u0131 toplumu sorumluluklar\u0131n\u0131 \u00fcstlenmeye ve i\u015fgale Filistinlilere y\u00f6nelik ihlallerini ve su\u00e7lar\u0131n\u0131 durdurmas\u0131 i\u00e7in bask\u0131 yapmaya \u00e7a\u011f\u0131rd\u0131.<\/p>\n<p>P.M.<\/p>\n","protected":false},"excerpt":{"rendered":"<p>\u0130\u015eGAL ALTINDAK\u0130 KUD\u00dcS \u2013 Filistin D\u0131\u015fi\u015fleri Bakanl\u0131\u011f\u0131, \u0130srail i\u015fgalinin, ba\u015fkenti Kud\u00fcs&#8217;e co\u011frafi olarak ba\u011fl\u0131 ba\u011f\u0131ms\u0131z bir Filistin devleti kurmak i\u00e7in her t\u00fcrl\u00fc f\u0131rsata kap\u0131y\u0131 kapatmak amac\u0131yla i\u015fgal alt\u0131ndaki Filistin topraklar\u0131nda su\u00e7 ve yerle\u015fim planlar\u0131n\u0131 s\u00fcrd\u00fcrd\u00fc\u011f\u00fcn\u00fc teyit etti. Filistin D\u0131\u015fi\u015fleri Bakanl\u0131\u011f\u0131, bug\u00fcn Wafa Ajans\u0131 taraf\u0131ndan aktar\u0131lan bir a\u00e7\u0131klamada, Filistinlilere kar\u015f\u0131 devam eden i\u015fgal su\u00e7lar\u0131n\u0131 k\u0131narak bunlar\u0131n &hellip;<\/p>\n","protected":false},"author":1,"featured_media":227420,"comment_status":"closed","ping_status":"closed","sticky":false,"template":"","format":"standard","meta":{"footnotes":""},"categories":[458,459,17988],"tags":[],"class_list":["post-227419","post","type-post","status-publish","format-standard","has-post-thumbnail","","category-dunya1","category-haberler-arap-uluslararasi-politika","category-son-haberler"],"_links":{"self":[{"href":"https:\/\/archive.sana.sy\/tr\/index.php?rest_route=\/wp\/v2\/posts\/227419","targetHints":{"allow":["GET"]}}],"collection":[{"href":"https:\/\/archive.sana.sy\/tr\/index.php?rest_route=\/wp\/v2\/posts"}],"about":[{"href":"https:\/\/archive.sana.sy\/tr\/index.php?rest_route=\/wp\/v2\/types\/post"}],"author":[{"embeddable":true,"href":"https:\/\/archive.sana.sy\/tr\/index.php?rest_route=\/wp\/v2\/users\/1"}],"replies":[{"embeddable":true,"href":"https:\/\/archive.sana.sy\/tr\/index.php?rest_route=%2Fwp%2Fv2%2Fcomments&post=227419"}],"version-history":[{"count":0,"href":"https:\/\/archive.sana.sy\/tr\/index.php?rest_route=\/wp\/v2\/posts\/227419\/revisions"}],"wp:featuredmedia":[{"embeddable":true,"href":"https:\/\/archive.sana.sy\/tr\/index.php?rest_route=\/wp\/v2\/media\/227420"}],"wp:attachment":[{"href":"https:\/\/archive.sana.sy\/tr\/index.php?rest_route=%2Fwp%2Fv2%2Fmedia&parent=227419"}],"wp:term":[{"taxonomy":"category","embeddable":true,"href":"https:\/\/archive.sana.sy\/tr\/index.php?rest_route=%2Fwp%2Fv2%2Fcategories&post=227419"},{"taxonomy":"post_tag","embeddable":true,"href":"https:\/\/archive.sana.sy\/tr\/index.php?rest_route=%2Fwp%2Fv2%2Ftags&post=227419"}],"curies":[{"name":"wp","href":"https:\/\/api.w.org\/{rel}","templated":true}]}}